{"id":2072,"date":"2023-09-28T08:27:34","date_gmt":"2023-09-28T08:27:34","guid":{"rendered":"https:\/\/msja.me\/?p=2072"},"modified":"2023-09-28T08:27:38","modified_gmt":"2023-09-28T08:27:38","slug":"ankete-ullishta-e-ulqinit-peizazhi-kulturor-mijevjecare-dhe-gjeneratat-e-reja-konflikt-interesi","status":"publish","type":"post","link":"https:\/\/msja.me\/al\/ankete-ullishta-e-ulqinit-peizazhi-kulturor-mijevjecare-dhe-gjeneratat-e-reja-konflikt-interesi\/","title":{"rendered":"ANKET\u00cb: Ullishta e Ulqinit &#8211; Peizazhi kulturor mij\u00ebvje\u00e7ar\u00eb dhe gjeneratat e reja. Konflikt interesi?"},"content":{"rendered":"<p>Komuna e Ulqinit \u00ebsht\u00eb e pasur me trash\u00ebgimi kulturore (peizazhe kulturore), k\u00ebshtu q\u00eb p\u00ebrve\u00e7 objekteve dhe enteve t\u00eb mbrojtura me dispozitat e Ligjit p\u00ebr Mbrojtjen e Pasurive Kulturore, k\u00ebtu hasim n\u00eb nj\u00eb p\u00ebrmbledhje t\u00eb lokacioneve arkeologjike, objekteve ambientale dhe strukturave individuale q\u00eb d\u00ebshmojn\u00eb p\u00ebr jet\u00ebn n\u00eb k\u00ebt\u00eb zon\u00eb. Zona e ullisht\u00ebs s\u00eb Ulqinit \u00ebsht\u00eb nj\u00eb trash\u00ebgimi jasht\u00ebzakonisht dometh\u00ebn\u00ebse dhe e vlefshme kulturo-historike dhe natyrore e qytetit t\u00eb Ulqinit dhe Malit t\u00eb Zi, e cila d\u00ebshmon p\u00ebr nd\u00ebrveprimin harmonik dhe t\u00eb ekuilibruar mes njer\u00ebzve dhe natyr\u00ebs q\u00eb ka mbijetuar gjat\u00eb nj\u00eb periudhe relativisht t\u00eb gjat\u00eb shekullore.<\/p>\n\n\n\n<p>Modelet unike tradicionale t\u00eb p\u00ebrdorimit t\u00eb tok\u00ebs n\u00eb mir\u00ebmbajtjen e ullishtave n\u00eb k\u00ebt\u00eb zon\u00eb kan\u00eb evoluar n\u00eb ekuilib\u00ebr me peizazhin e tyre, k\u00ebshtu q\u00eb sot kjo ullisht\u00eb p\u00ebrfaq\u00ebson nj\u00eb nj\u00ebsi unike ambientale me kompleksin m\u00eb t\u00eb madh t\u00eb ullinjve n\u00eb Mal t\u00eb Zi.<\/p>\n\n\n\n<p>Trash\u00ebgimia kulturore, e cila ndahet n\u00eb materiale dhe jomateriale, \u00ebsht\u00eb shprehje e besimeve, aspiratave, vlerave, arritjeve dhe p\u00ebrvojave t\u00eb njer\u00ebzve n\u00eb nj\u00eb territor t\u00eb caktuar dhe p\u00ebr rrjedhoj\u00eb paraqet burim njohurish p\u00ebr nj\u00eb bashk\u00ebsi t\u00eb caktuar njer\u00ebzore dhe m\u00eb gjer\u00eb.<\/p>\n\n\n\n<p>Shkat\u00ebrrimi dhe transformimi i peizazheve kulturore mij\u00ebravje\u00e7are, si Ullishta e Ulqinit, \u00ebsht\u00eb nj\u00eb problem kompleks q\u00eb po ndodh n\u00eb komun\u00ebn e Ulqinit dhe po p\u00ebrshpejtohet dita-dit\u00ebs, duke prekur mjedisin, identitetin dhe trash\u00ebgimin\u00eb kulturore t\u00eb komun\u00ebs s\u00eb Ulqinit.<\/p>\n\n\n\n<p>Ky proces ndikohet nga shum\u00eb faktor\u00eb, kryesisht nga ndikimi njer\u00ebzor. Nd\u00ebrtimi dhe urbanizimi i shpejt\u00eb po shkat\u00ebrrojn\u00eb strukturat dhe mjedisin autentik t\u00eb trash\u00ebgimis\u00eb kulturore t\u00eb ullisht\u00ebs. Nd\u00ebrtimi i objekteve, rrug\u00ebve t\u00eb reja dhe infrastruktur\u00ebs tjet\u00ebr urbane shkat\u00ebrrojn\u00eb dhe ndikojn\u00eb n\u00eb peizazhin origjinal historik.<\/p>\n\n\n\n<p>Turizmi \u00ebsht\u00eb nj\u00eb burim i r\u00ebnd\u00ebsish\u00ebm ekonomik p\u00ebr Ulqinin, valorizimi turistik i viteve te fundit n\u00eb k\u00ebt\u00eb hap\u00ebsir\u00eb po shkat\u00ebrron asete trash\u00ebgimore. K\u00ebto nd\u00ebrhyrje rrezikojn\u00eb humbjen e tradit\u00ebs shekullore, peizazhit kulturor dhe unik, dhe n\u00eb vijim me gjith\u00eb k\u00ebto ndryshime p\u00ebrfundimisht do humbet dhe kultura e jetes\u00ebs s\u00eb komunitetit lokal.<\/p>\n\n\n\n<p>P\u00ebr t\u00eb ruajtur dhe mbrojtur peizazhet kulturore mij\u00ebravje\u00e7are, \u00ebsht\u00eb e r\u00ebnd\u00ebsishme t\u00eb p\u00ebrdoren politika dhe mjete t\u00eb ndryshme ligjore. Gjithashtu, bashk\u00ebpunimi dhe nd\u00ebrgjegj\u00ebsimi i popullat\u00ebs p\u00ebr r\u00ebnd\u00ebsin\u00eb e mbrojtjes s\u00eb trash\u00ebgimis\u00eb kulturore mund t\u00eb ndihmoj\u00eb n\u00eb parandalimin e shkat\u00ebrrimit dhe transformimit t\u00eb k\u00ebtyre peizazheve t\u00eb \u00e7muara.<\/p>\n\n\n\n<p>Me k\u00ebt\u00eb anket\u00eb d\u00ebshirojm\u00eb t\u00eb shqyrtojm\u00eb s\u00eb bashku me ju k\u00ebto sfida dhe ndryshime q\u00eb po ndodhin n\u00eb ullisht\u00ebn e Ulqinit, e cila paraqet peizazhin unik kulturor t\u00eb qytetit ton\u00eb.<\/p>\n\n\n\n<iframe src=\"\/\/grantees.ecrtool.org\/webform\/ankete_peizazhet_kulturore_mijev\/share\/iframe-resizer\/4.2.10\" title=\"ANKET\u00cb: Ullishta e Ulqinit - Peizazhi kulturor mij\u00ebvje\u00e7ar\u00eb dhe gjeneratat e reja. Konflikt interesi? | ECR Platform\" class=\"webform-share-iframe\" frameborder=\"0\" allow=\"geolocation; microphone; camera\" allowtransparency=\"true\" allowfullscreen=\"true\" style=\"width:1px;min-width:100%\"><\/iframe><script src=\"\/\/cdn.jsdelivr.net\/gh\/davidjbradshaw\/iframe-resizer@4.2.10\/js\/iframeResizer.min.js\"><\/script><script>iFrameResize({}, '.webform-share-iframe');<\/script>","protected":false},"excerpt":{"rendered":"<p>Komuna e Ulqinit \u00ebsht\u00eb e pasur me trash\u00ebgimi kulturore (peizazhe kulturore), k\u00ebshtu q\u00eb p\u00ebrve\u00e7 objekteve dhe enteve t\u00eb mbrojtura me dispozitat e Ligjit p\u00ebr Mbrojtjen e Pasurive Kulturore, k\u00ebtu hasim n\u00eb nj\u00eb p\u00ebrmbledhje t\u00eb lokacioneve arkeologjike, objekteve ambientale dhe strukturave individuale q\u00eb d\u00ebshmojn\u00eb p\u00ebr jet\u00ebn n\u00eb k\u00ebt\u00eb zon\u00eb. Zona e ullisht\u00ebs s\u00eb Ulqinit \u00ebsht\u00eb nj\u00eb [&hellip;]<\/p>\n","protected":false},"author":1,"featured_media":2059,"comment_status":"closed","ping_status":"open","sticky":false,"template":"","format":"standard","meta":{"_uag_custom_page_level_css":"","site-sidebar-layout":"default","site-content-layout":"","ast-site-content-layout":"default","site-content-style":"default","site-sidebar-style":"default","ast-global-header-display":"","ast-banner-title-visibility":"","ast-main-header-display":"","ast-hfb-above-header-display":"","ast-hfb-below-header-display":"","ast-hfb-mobile-header-display":"","site-post-title":"","ast-breadcrumbs-content":"","ast-featured-img":"","footer-sml-layout":"","ast-disable-related-posts":"","theme-transparent-header-meta":"","adv-header-id-meta":"","stick-header-meta":"","header-above-stick-meta":"","header-main-stick-meta":"","header-below-stick-meta":"","astra-migrate-meta-layouts":"default","ast-page-background-enabled":"default","ast-page-background-meta":{"desktop":{"background-color":"","background-image":"","background-repeat":"repeat","background-position":"center center","background-size":"auto","background-attachment":"scroll","background-type":"","background-media":"","overlay-type":"","overlay-color":"","overlay-opacity":"","overlay-gradient":""},"tablet":{"background-color":"","background-image":"","background-repeat":"repeat","background-position":"center center","background-size":"auto","background-attachment":"scroll","background-type":"","background-media":"","overlay-type":"","overlay-color":"","overlay-opacity":"","overlay-gradient":""},"mobile":{"background-color":"","background-image":"","background-repeat":"repeat","background-position":"center center","background-size":"auto","background-attachment":"scroll","background-type":"","background-media":"","overlay-type":"","overlay-color":"","overlay-opacity":"","overlay-gradient":""}},"ast-content-background-meta":{"desktop":{"background-color":"var(--ast-global-color-5)","background-image":"","background-repeat":"repeat","background-position":"center center","background-size":"auto","background-attachment":"scroll","background-type":"","background-media":"","overlay-type":"","overlay-color":"","overlay-opacity":"","overlay-gradient":""},"tablet":{"background-color":"var(--ast-global-color-5)","background-image":"","background-repeat":"repeat","background-position":"center center","background-size":"auto","background-attachment":"scroll","background-type":"","background-media":"","overlay-type":"","overlay-color":"","overlay-opacity":"","overlay-gradient":""},"mobile":{"background-color":"var(--ast-global-color-5)","background-image":"","background-repeat":"repeat","background-position":"center center","background-size":"auto","background-attachment":"scroll","background-type":"","background-media":"","overlay-type":"","overlay-color":"","overlay-opacity":"","overlay-gradient":""}},"footnotes":""},"categories":[30],"tags":[],"class_list":["post-2072","post","type-post","status-publish","format-standard","has-post-thumbnail","hentry","category-uncategorized-me"],"yoast_head":"<!-- This site is optimized with the Yoast SEO plugin v27.5 - https:\/\/yoast.com\/product\/yoast-seo-wordpress\/ -->\n<title>ANKET\u00cb: Ullishta e Ulqinit - Peizazhi kulturor mij\u00ebvje\u00e7ar\u00eb dhe gjeneratat e reja. Konflikt interesi? - MSJA - Dr. Martin Schneider-Jacoby Association<\/title>\n<meta name=\"description\" content=\"ANKET\u00cb: Ullishta e Ulqinit - Peizazhi kulturor mij\u00ebvje\u00e7ar\u00eb dhe gjeneratat e reja. Konflikt interesi? - MSJA - Dr. Martin Schneider-Jacoby Association\" \/>\n<meta name=\"robots\" content=\"index, follow, max-snippet:-1, max-image-preview:large, max-video-preview:-1\" \/>\n<link rel=\"canonical\" href=\"https:\/\/msja.me\/al\/ankete-ullishta-e-ulqinit-peizazhi-kulturor-mijevjecare-dhe-gjeneratat-e-reja-konflikt-interesi\/\" \/>\n<meta property=\"og:locale\" content=\"sq_AL\" \/>\n<meta property=\"og:type\" content=\"article\" \/>\n<meta property=\"og:title\" content=\"ANKET\u00cb: Ullishta e Ulqinit - Peizazhi kulturor mij\u00ebvje\u00e7ar\u00eb dhe gjeneratat e reja. Konflikt interesi? - MSJA - Dr. Martin Schneider-Jacoby Association\" \/>\n<meta property=\"og:description\" content=\"ANKET\u00cb: Ullishta e Ulqinit - Peizazhi kulturor mij\u00ebvje\u00e7ar\u00eb dhe gjeneratat e reja. Konflikt interesi? - MSJA - Dr. Martin Schneider-Jacoby Association\" \/>\n<meta property=\"og:url\" content=\"https:\/\/msja.me\/al\/ankete-ullishta-e-ulqinit-peizazhi-kulturor-mijevjecare-dhe-gjeneratat-e-reja-konflikt-interesi\/\" \/>\n<meta property=\"og:site_name\" content=\"MSJA - Dr. Martin Schneider-Jacoby Association\" \/>\n<meta property=\"article:publisher\" content=\"https:\/\/www.facebook.com\/ulcinjsalina\/\" \/>\n<meta property=\"article:published_time\" content=\"2023-09-28T08:27:34+00:00\" \/>\n<meta property=\"article:modified_time\" content=\"2023-09-28T08:27:38+00:00\" \/>\n<meta property=\"og:image\" content=\"https:\/\/msja.me\/wp-content\/uploads\/2023\/09\/2.jpg\" \/>\n\t<meta property=\"og:image:width\" content=\"1080\" \/>\n\t<meta property=\"og:image:height\" content=\"1080\" \/>\n\t<meta property=\"og:image:type\" content=\"image\/jpeg\" \/>\n<meta name=\"author\" content=\"MSJA\" \/>\n<meta name=\"twitter:card\" content=\"summary_large_image\" \/>\n<meta name=\"twitter:label1\" content=\"Written by\" \/>\n\t<meta name=\"twitter:data1\" content=\"MSJA\" \/>\n\t<meta name=\"twitter:label2\" content=\"Est. reading time\" \/>\n\t<meta name=\"twitter:data2\" content=\"2 minuta\" \/>\n<script type=\"application\/ld+json\" class=\"yoast-schema-graph\">{\"@context\":\"https:\\\/\\\/schema.org\",\"@graph\":[{\"@type\":\"Article\",\"@id\":\"https:\\\/\\\/msja.me\\\/ankete-ullishta-e-ulqinit-peizazhi-kulturor-mijevjecare-dhe-gjeneratat-e-reja-konflikt-interesi\\\/#article\",\"isPartOf\":{\"@id\":\"https:\\\/\\\/msja.me\\\/ankete-ullishta-e-ulqinit-peizazhi-kulturor-mijevjecare-dhe-gjeneratat-e-reja-konflikt-interesi\\\/\"},\"author\":{\"name\":\"MSJA\",\"@id\":\"https:\\\/\\\/msja.me\\\/#\\\/schema\\\/person\\\/cfa2bac0d96e4c080e8be763d10e1b70\"},\"headline\":\"ANKET\u00cb: Ullishta e Ulqinit &#8211; Peizazhi kulturor mij\u00ebvje\u00e7ar\u00eb dhe gjeneratat e reja. Konflikt interesi?\",\"datePublished\":\"2023-09-28T08:27:34+00:00\",\"dateModified\":\"2023-09-28T08:27:38+00:00\",\"mainEntityOfPage\":{\"@id\":\"https:\\\/\\\/msja.me\\\/ankete-ullishta-e-ulqinit-peizazhi-kulturor-mijevjecare-dhe-gjeneratat-e-reja-konflikt-interesi\\\/\"},\"wordCount\":488,\"publisher\":{\"@id\":\"https:\\\/\\\/msja.me\\\/#organization\"},\"image\":{\"@id\":\"https:\\\/\\\/msja.me\\\/ankete-ullishta-e-ulqinit-peizazhi-kulturor-mijevjecare-dhe-gjeneratat-e-reja-konflikt-interesi\\\/#primaryimage\"},\"thumbnailUrl\":\"https:\\\/\\\/msja.me\\\/wp-content\\\/uploads\\\/2023\\\/09\\\/2.jpg\",\"articleSection\":[\"Uncategorized\"],\"inLanguage\":\"sq\"},{\"@type\":\"WebPage\",\"@id\":\"https:\\\/\\\/msja.me\\\/ankete-ullishta-e-ulqinit-peizazhi-kulturor-mijevjecare-dhe-gjeneratat-e-reja-konflikt-interesi\\\/\",\"url\":\"https:\\\/\\\/msja.me\\\/ankete-ullishta-e-ulqinit-peizazhi-kulturor-mijevjecare-dhe-gjeneratat-e-reja-konflikt-interesi\\\/\",\"name\":\"ANKET\u00cb: Ullishta e Ulqinit - Peizazhi kulturor mij\u00ebvje\u00e7ar\u00eb dhe gjeneratat e reja. Konflikt interesi? - MSJA - Dr. Martin Schneider-Jacoby Association\",\"isPartOf\":{\"@id\":\"https:\\\/\\\/msja.me\\\/#website\"},\"primaryImageOfPage\":{\"@id\":\"https:\\\/\\\/msja.me\\\/ankete-ullishta-e-ulqinit-peizazhi-kulturor-mijevjecare-dhe-gjeneratat-e-reja-konflikt-interesi\\\/#primaryimage\"},\"image\":{\"@id\":\"https:\\\/\\\/msja.me\\\/ankete-ullishta-e-ulqinit-peizazhi-kulturor-mijevjecare-dhe-gjeneratat-e-reja-konflikt-interesi\\\/#primaryimage\"},\"thumbnailUrl\":\"https:\\\/\\\/msja.me\\\/wp-content\\\/uploads\\\/2023\\\/09\\\/2.jpg\",\"datePublished\":\"2023-09-28T08:27:34+00:00\",\"dateModified\":\"2023-09-28T08:27:38+00:00\",\"description\":\"ANKET\u00cb: Ullishta e Ulqinit - Peizazhi kulturor mij\u00ebvje\u00e7ar\u00eb dhe gjeneratat e reja. Konflikt interesi? - MSJA - Dr. Martin Schneider-Jacoby Association\",\"breadcrumb\":{\"@id\":\"https:\\\/\\\/msja.me\\\/ankete-ullishta-e-ulqinit-peizazhi-kulturor-mijevjecare-dhe-gjeneratat-e-reja-konflikt-interesi\\\/#breadcrumb\"},\"inLanguage\":\"sq\",\"potentialAction\":[{\"@type\":\"ReadAction\",\"target\":[\"https:\\\/\\\/msja.me\\\/ankete-ullishta-e-ulqinit-peizazhi-kulturor-mijevjecare-dhe-gjeneratat-e-reja-konflikt-interesi\\\/\"]}]},{\"@type\":\"ImageObject\",\"inLanguage\":\"sq\",\"@id\":\"https:\\\/\\\/msja.me\\\/ankete-ullishta-e-ulqinit-peizazhi-kulturor-mijevjecare-dhe-gjeneratat-e-reja-konflikt-interesi\\\/#primaryimage\",\"url\":\"https:\\\/\\\/msja.me\\\/wp-content\\\/uploads\\\/2023\\\/09\\\/2.jpg\",\"contentUrl\":\"https:\\\/\\\/msja.me\\\/wp-content\\\/uploads\\\/2023\\\/09\\\/2.jpg\",\"width\":1080,\"height\":1080},{\"@type\":\"BreadcrumbList\",\"@id\":\"https:\\\/\\\/msja.me\\\/ankete-ullishta-e-ulqinit-peizazhi-kulturor-mijevjecare-dhe-gjeneratat-e-reja-konflikt-interesi\\\/#breadcrumb\",\"itemListElement\":[{\"@type\":\"ListItem\",\"position\":1,\"name\":\"Home\",\"item\":\"https:\\\/\\\/msja.me\\\/\"},{\"@type\":\"ListItem\",\"position\":2,\"name\":\"ANKET\u00cb: Ullishta e Ulqinit &#8211; Peizazhi kulturor mij\u00ebvje\u00e7ar\u00eb dhe gjeneratat e reja. Konflikt interesi?\"}]},{\"@type\":\"WebSite\",\"@id\":\"https:\\\/\\\/msja.me\\\/#website\",\"url\":\"https:\\\/\\\/msja.me\\\/\",\"name\":\"MSJA - Dr. Martin Schneider-Jacoby Association\",\"description\":\"Environmental NGO located in Ulcinj, Montenegro.\",\"publisher\":{\"@id\":\"https:\\\/\\\/msja.me\\\/#organization\"},\"alternateName\":\"MSJA\",\"potentialAction\":[{\"@type\":\"SearchAction\",\"target\":{\"@type\":\"EntryPoint\",\"urlTemplate\":\"https:\\\/\\\/msja.me\\\/?s={search_term_string}\"},\"query-input\":{\"@type\":\"PropertyValueSpecification\",\"valueRequired\":true,\"valueName\":\"search_term_string\"}}],\"inLanguage\":\"sq\"},{\"@type\":\"Organization\",\"@id\":\"https:\\\/\\\/msja.me\\\/#organization\",\"name\":\"Dr. Martin Schneider-Jacoby Association\",\"alternateName\":\"MSJA\",\"url\":\"https:\\\/\\\/msja.me\\\/\",\"logo\":{\"@type\":\"ImageObject\",\"inLanguage\":\"sq\",\"@id\":\"https:\\\/\\\/msja.me\\\/#\\\/schema\\\/logo\\\/image\\\/\",\"url\":\"https:\\\/\\\/msja.me\\\/wp-content\\\/uploads\\\/2022\\\/01\\\/cropped-msja-logo.png\",\"contentUrl\":\"https:\\\/\\\/msja.me\\\/wp-content\\\/uploads\\\/2022\\\/01\\\/cropped-msja-logo.png\",\"width\":512,\"height\":512,\"caption\":\"Dr. Martin Schneider-Jacoby Association\"},\"image\":{\"@id\":\"https:\\\/\\\/msja.me\\\/#\\\/schema\\\/logo\\\/image\\\/\"},\"sameAs\":[\"https:\\\/\\\/www.facebook.com\\\/ulcinjsalina\\\/\",\"https:\\\/\\\/www.instagram.com\\\/msja_mne\\\/\",\"https:\\\/\\\/www.youtube.com\\\/channel\\\/UCZ7GTzl04_l__1NP2r_bqIw\"]},{\"@type\":\"Person\",\"@id\":\"https:\\\/\\\/msja.me\\\/#\\\/schema\\\/person\\\/cfa2bac0d96e4c080e8be763d10e1b70\",\"name\":\"MSJA\",\"image\":{\"@type\":\"ImageObject\",\"inLanguage\":\"sq\",\"@id\":\"https:\\\/\\\/secure.gravatar.com\\\/avatar\\\/0c42437dd2c7cad39546961a733fa8df774bbe2bb4160cad9d90b7e1f659421b?s=96&d=mm&r=g\",\"url\":\"https:\\\/\\\/secure.gravatar.com\\\/avatar\\\/0c42437dd2c7cad39546961a733fa8df774bbe2bb4160cad9d90b7e1f659421b?s=96&d=mm&r=g\",\"contentUrl\":\"https:\\\/\\\/secure.gravatar.com\\\/avatar\\\/0c42437dd2c7cad39546961a733fa8df774bbe2bb4160cad9d90b7e1f659421b?s=96&d=mm&r=g\",\"caption\":\"MSJA\"},\"sameAs\":[\"https:\\\/\\\/msja.me\"],\"url\":\"https:\\\/\\\/msja.me\\\/al\\\/author\\\/admin\\\/\"}]}<\/script>\n<!-- \/ Yoast SEO plugin. -->","yoast_head_json":{"title":"ANKET\u00cb: Ullishta e Ulqinit - Peizazhi kulturor mij\u00ebvje\u00e7ar\u00eb dhe gjeneratat e reja. Konflikt interesi? - MSJA - Dr. Martin Schneider-Jacoby Association","description":"ANKET\u00cb: Ullishta e Ulqinit - Peizazhi kulturor mij\u00ebvje\u00e7ar\u00eb dhe gjeneratat e reja. Konflikt interesi? - MSJA - Dr. Martin Schneider-Jacoby Association","robots":{"index":"index","follow":"follow","max-snippet":"max-snippet:-1","max-image-preview":"max-image-preview:large","max-video-preview":"max-video-preview:-1"},"canonical":"https:\/\/msja.me\/al\/ankete-ullishta-e-ulqinit-peizazhi-kulturor-mijevjecare-dhe-gjeneratat-e-reja-konflikt-interesi\/","og_locale":"sq_AL","og_type":"article","og_title":"ANKET\u00cb: Ullishta e Ulqinit - Peizazhi kulturor mij\u00ebvje\u00e7ar\u00eb dhe gjeneratat e reja. Konflikt interesi? - MSJA - Dr. Martin Schneider-Jacoby Association","og_description":"ANKET\u00cb: Ullishta e Ulqinit - Peizazhi kulturor mij\u00ebvje\u00e7ar\u00eb dhe gjeneratat e reja. Konflikt interesi? - MSJA - Dr. Martin Schneider-Jacoby Association","og_url":"https:\/\/msja.me\/al\/ankete-ullishta-e-ulqinit-peizazhi-kulturor-mijevjecare-dhe-gjeneratat-e-reja-konflikt-interesi\/","og_site_name":"MSJA - Dr. Martin Schneider-Jacoby Association","article_publisher":"https:\/\/www.facebook.com\/ulcinjsalina\/","article_published_time":"2023-09-28T08:27:34+00:00","article_modified_time":"2023-09-28T08:27:38+00:00","og_image":[{"width":1080,"height":1080,"url":"https:\/\/msja.me\/wp-content\/uploads\/2023\/09\/2.jpg","type":"image\/jpeg"}],"author":"MSJA","twitter_card":"summary_large_image","twitter_misc":{"Written by":"MSJA","Est. reading time":"2 minuta"},"schema":{"@context":"https:\/\/schema.org","@graph":[{"@type":"Article","@id":"https:\/\/msja.me\/ankete-ullishta-e-ulqinit-peizazhi-kulturor-mijevjecare-dhe-gjeneratat-e-reja-konflikt-interesi\/#article","isPartOf":{"@id":"https:\/\/msja.me\/ankete-ullishta-e-ulqinit-peizazhi-kulturor-mijevjecare-dhe-gjeneratat-e-reja-konflikt-interesi\/"},"author":{"name":"MSJA","@id":"https:\/\/msja.me\/#\/schema\/person\/cfa2bac0d96e4c080e8be763d10e1b70"},"headline":"ANKET\u00cb: Ullishta e Ulqinit &#8211; Peizazhi kulturor mij\u00ebvje\u00e7ar\u00eb dhe gjeneratat e reja. Konflikt interesi?","datePublished":"2023-09-28T08:27:34+00:00","dateModified":"2023-09-28T08:27:38+00:00","mainEntityOfPage":{"@id":"https:\/\/msja.me\/ankete-ullishta-e-ulqinit-peizazhi-kulturor-mijevjecare-dhe-gjeneratat-e-reja-konflikt-interesi\/"},"wordCount":488,"publisher":{"@id":"https:\/\/msja.me\/#organization"},"image":{"@id":"https:\/\/msja.me\/ankete-ullishta-e-ulqinit-peizazhi-kulturor-mijevjecare-dhe-gjeneratat-e-reja-konflikt-interesi\/#primaryimage"},"thumbnailUrl":"https:\/\/msja.me\/wp-content\/uploads\/2023\/09\/2.jpg","articleSection":["Uncategorized"],"inLanguage":"sq"},{"@type":"WebPage","@id":"https:\/\/msja.me\/ankete-ullishta-e-ulqinit-peizazhi-kulturor-mijevjecare-dhe-gjeneratat-e-reja-konflikt-interesi\/","url":"https:\/\/msja.me\/ankete-ullishta-e-ulqinit-peizazhi-kulturor-mijevjecare-dhe-gjeneratat-e-reja-konflikt-interesi\/","name":"ANKET\u00cb: Ullishta e Ulqinit - Peizazhi kulturor mij\u00ebvje\u00e7ar\u00eb dhe gjeneratat e reja. Konflikt interesi? - MSJA - Dr. Martin Schneider-Jacoby Association","isPartOf":{"@id":"https:\/\/msja.me\/#website"},"primaryImageOfPage":{"@id":"https:\/\/msja.me\/ankete-ullishta-e-ulqinit-peizazhi-kulturor-mijevjecare-dhe-gjeneratat-e-reja-konflikt-interesi\/#primaryimage"},"image":{"@id":"https:\/\/msja.me\/ankete-ullishta-e-ulqinit-peizazhi-kulturor-mijevjecare-dhe-gjeneratat-e-reja-konflikt-interesi\/#primaryimage"},"thumbnailUrl":"https:\/\/msja.me\/wp-content\/uploads\/2023\/09\/2.jpg","datePublished":"2023-09-28T08:27:34+00:00","dateModified":"2023-09-28T08:27:38+00:00","description":"ANKET\u00cb: Ullishta e Ulqinit - Peizazhi kulturor mij\u00ebvje\u00e7ar\u00eb dhe gjeneratat e reja. Konflikt interesi? - MSJA - Dr. Martin Schneider-Jacoby Association","breadcrumb":{"@id":"https:\/\/msja.me\/ankete-ullishta-e-ulqinit-peizazhi-kulturor-mijevjecare-dhe-gjeneratat-e-reja-konflikt-interesi\/#breadcrumb"},"inLanguage":"sq","potentialAction":[{"@type":"ReadAction","target":["https:\/\/msja.me\/ankete-ullishta-e-ulqinit-peizazhi-kulturor-mijevjecare-dhe-gjeneratat-e-reja-konflikt-interesi\/"]}]},{"@type":"ImageObject","inLanguage":"sq","@id":"https:\/\/msja.me\/ankete-ullishta-e-ulqinit-peizazhi-kulturor-mijevjecare-dhe-gjeneratat-e-reja-konflikt-interesi\/#primaryimage","url":"https:\/\/msja.me\/wp-content\/uploads\/2023\/09\/2.jpg","contentUrl":"https:\/\/msja.me\/wp-content\/uploads\/2023\/09\/2.jpg","width":1080,"height":1080},{"@type":"BreadcrumbList","@id":"https:\/\/msja.me\/ankete-ullishta-e-ulqinit-peizazhi-kulturor-mijevjecare-dhe-gjeneratat-e-reja-konflikt-interesi\/#breadcrumb","itemListElement":[{"@type":"ListItem","position":1,"name":"Home","item":"https:\/\/msja.me\/"},{"@type":"ListItem","position":2,"name":"ANKET\u00cb: Ullishta e Ulqinit &#8211; Peizazhi kulturor mij\u00ebvje\u00e7ar\u00eb dhe gjeneratat e reja. Konflikt interesi?"}]},{"@type":"WebSite","@id":"https:\/\/msja.me\/#website","url":"https:\/\/msja.me\/","name":"MSJA - Dr. Martin Schneider-Jacoby Association","description":"Environmental NGO located in Ulcinj, Montenegro.","publisher":{"@id":"https:\/\/msja.me\/#organization"},"alternateName":"MSJA","potentialAction":[{"@type":"SearchAction","target":{"@type":"EntryPoint","urlTemplate":"https:\/\/msja.me\/?s={search_term_string}"},"query-input":{"@type":"PropertyValueSpecification","valueRequired":true,"valueName":"search_term_string"}}],"inLanguage":"sq"},{"@type":"Organization","@id":"https:\/\/msja.me\/#organization","name":"Dr. Martin Schneider-Jacoby Association","alternateName":"MSJA","url":"https:\/\/msja.me\/","logo":{"@type":"ImageObject","inLanguage":"sq","@id":"https:\/\/msja.me\/#\/schema\/logo\/image\/","url":"https:\/\/msja.me\/wp-content\/uploads\/2022\/01\/cropped-msja-logo.png","contentUrl":"https:\/\/msja.me\/wp-content\/uploads\/2022\/01\/cropped-msja-logo.png","width":512,"height":512,"caption":"Dr. Martin Schneider-Jacoby Association"},"image":{"@id":"https:\/\/msja.me\/#\/schema\/logo\/image\/"},"sameAs":["https:\/\/www.facebook.com\/ulcinjsalina\/","https:\/\/www.instagram.com\/msja_mne\/","https:\/\/www.youtube.com\/channel\/UCZ7GTzl04_l__1NP2r_bqIw"]},{"@type":"Person","@id":"https:\/\/msja.me\/#\/schema\/person\/cfa2bac0d96e4c080e8be763d10e1b70","name":"MSJA","image":{"@type":"ImageObject","inLanguage":"sq","@id":"https:\/\/secure.gravatar.com\/avatar\/0c42437dd2c7cad39546961a733fa8df774bbe2bb4160cad9d90b7e1f659421b?s=96&d=mm&r=g","url":"https:\/\/secure.gravatar.com\/avatar\/0c42437dd2c7cad39546961a733fa8df774bbe2bb4160cad9d90b7e1f659421b?s=96&d=mm&r=g","contentUrl":"https:\/\/secure.gravatar.com\/avatar\/0c42437dd2c7cad39546961a733fa8df774bbe2bb4160cad9d90b7e1f659421b?s=96&d=mm&r=g","caption":"MSJA"},"sameAs":["https:\/\/msja.me"],"url":"https:\/\/msja.me\/al\/author\/admin\/"}]}},"uagb_featured_image_src":{"full":["https:\/\/msja.me\/wp-content\/uploads\/2023\/09\/2.jpg",1080,1080,false],"thumbnail":["https:\/\/msja.me\/wp-content\/uploads\/2023\/09\/2-150x150.jpg",150,150,true],"medium":["https:\/\/msja.me\/wp-content\/uploads\/2023\/09\/2-300x300.jpg",300,300,true],"medium_large":["https:\/\/msja.me\/wp-content\/uploads\/2023\/09\/2-768x768.jpg",768,768,true],"large":["https:\/\/msja.me\/wp-content\/uploads\/2023\/09\/2-1024x1024.jpg",1024,1024,true],"1536x1536":["https:\/\/msja.me\/wp-content\/uploads\/2023\/09\/2.jpg",1080,1080,false],"2048x2048":["https:\/\/msja.me\/wp-content\/uploads\/2023\/09\/2.jpg",1080,1080,false],"trp-custom-language-flag":["https:\/\/msja.me\/wp-content\/uploads\/2023\/09\/2-12x12.jpg",12,12,true]},"uagb_author_info":{"display_name":"MSJA","author_link":"https:\/\/msja.me\/al\/author\/admin\/"},"uagb_comment_info":0,"uagb_excerpt":"Komuna e Ulqinit \u00ebsht\u00eb e pasur me trash\u00ebgimi kulturore (peizazhe kulturore), k\u00ebshtu q\u00eb p\u00ebrve\u00e7 objekteve dhe enteve t\u00eb mbrojtura me dispozitat e Ligjit p\u00ebr Mbrojtjen e Pasurive Kulturore, k\u00ebtu hasim n\u00eb nj\u00eb p\u00ebrmbledhje t\u00eb lokacioneve arkeologjike, objekteve ambientale dhe strukturave individuale q\u00eb d\u00ebshmojn\u00eb p\u00ebr jet\u00ebn n\u00eb k\u00ebt\u00eb zon\u00eb. Zona e ullisht\u00ebs s\u00eb Ulqinit \u00ebsht\u00eb nj\u00eb&hellip;","_links":{"self":[{"href":"https:\/\/msja.me\/al\/wp-json\/wp\/v2\/posts\/2072","targetHints":{"allow":["GET"]}}],"collection":[{"href":"https:\/\/msja.me\/al\/wp-json\/wp\/v2\/posts"}],"about":[{"href":"https:\/\/msja.me\/al\/wp-json\/wp\/v2\/types\/post"}],"author":[{"embeddable":true,"href":"https:\/\/msja.me\/al\/wp-json\/wp\/v2\/users\/1"}],"replies":[{"embeddable":true,"href":"https:\/\/msja.me\/al\/wp-json\/wp\/v2\/comments?post=2072"}],"version-history":[{"count":1,"href":"https:\/\/msja.me\/al\/wp-json\/wp\/v2\/posts\/2072\/revisions"}],"predecessor-version":[{"id":2073,"href":"https:\/\/msja.me\/al\/wp-json\/wp\/v2\/posts\/2072\/revisions\/2073"}],"wp:featuredmedia":[{"embeddable":true,"href":"https:\/\/msja.me\/al\/wp-json\/wp\/v2\/media\/2059"}],"wp:attachment":[{"href":"https:\/\/msja.me\/al\/wp-json\/wp\/v2\/media?parent=2072"}],"wp:term":[{"taxonomy":"category","embeddable":true,"href":"https:\/\/msja.me\/al\/wp-json\/wp\/v2\/categories?post=2072"},{"taxonomy":"post_tag","embeddable":true,"href":"https:\/\/msja.me\/al\/wp-json\/wp\/v2\/tags?post=2072"}],"curies":[{"name":"wp","href":"https:\/\/api.w.org\/{rel}","templated":true}]}}