{"id":1831,"date":"2023-07-05T20:12:18","date_gmt":"2023-07-05T20:12:18","guid":{"rendered":"https:\/\/msja.me\/?p=1831"},"modified":"2023-07-05T20:29:24","modified_gmt":"2023-07-05T20:29:24","slug":"cetiri-godine-park-prirode-ulcinjska-solana-urucen-bager-bajo-i-predstavljen-koncept-treceg-birdsaltpeoplefest-a","status":"publish","type":"post","link":"https:\/\/msja.me\/al\/cetiri-godine-park-prirode-ulcinjska-solana-urucen-bager-bajo-i-predstavljen-koncept-treceg-birdsaltpeoplefest-a\/","title":{"rendered":"\u010cetiri godine Park prirode Ulcinjska solana, stigao bager BAJO i predstavljen koncept tre\u0107eg BirdSaltPeople:FEST-a"},"content":{"rendered":"<p>Povodom obilje\u017eavanja <strong>\u010detvrtog ro\u0111endana<\/strong> Parka prirode \u201eUlcinjska solana\u201c, danas je &nbsp;odr\u017ean sve\u010dani 15-ti sastanak radne grupe u prostorijama muzeja Ulcinjske solane. Ujedno je ovaj dan bio i od velikog zna\u010daja za budu\u0107nost Ulcinjske solane, naime kolege iz CZIP-a su simboli\u010dno poklonili specialan bager <strong>\u201cBAJO\u201c<\/strong>, koji \u0107e da pomogne da se uru\u0161eni nasipi \u0161to prije saniraju kako bi hidrolo\u0161ki re\u017eim u potpunosti bio uspostavljen i tako biodiverzitet ovog nevjerovatnog prostora opstao ali i budu\u0107a proizvodnja soli osigurala. <\/p>\n\n\n\n<p>Formiranje preduze\u0107a se is\u010dekuje evo \u010detiri godine i nadamo se da je BAJO ubrzao korake budu\u0107ih upravlja\u010da i podsti\u010de ih da se ozbiljno, stru\u010dno i u svrhi o\u010duvanja i za\u0161tite prirode rade.<\/p>\n\n\n\n<p><em><strong>BAJO<\/strong> \u0107e da radi mnogo dobre stvari u Parku prirode Ulcinjska solana, jer <strong>BAJO<\/strong> je od danas dio Ulcinjske solane i \u017eelimo mu da ga budu\u0107i upravlja\u010d pazi i koristi samo u svrsi za\u0161tite prirode.<\/em><\/p>\n\n\n\n<p>Nakon simboli\u010dnog uru\u010denja nastavljen je sastanak gdje je izv.Dir. MSJA-Dr Martin Schneider-Jacoby Assoc, g\u0111a Zenepa Lika predstavila ministarki Ana Novakovi\u0107 \u0110urovi\u0107 i predsjedniku Op\u0161tine Omeru Bajraktariju koncept ovogodi\u0161njeg tre\u0107eg po redu <strong>BirdSaltPeople:FEST<\/strong>-a, koji je planiran da se odr\u017ei krajem avgusta 2023 a trajat \u0107e do sredine septembra, ta\u010dno \u010detiri vikenda (petak i subota) uz \u0161arolik repertoar kao i sam biodiverzitet Ulcinjske solane.<\/p>\n\n\n\n<p>Uskoro \u0107emo predstaviti finalni program <strong>3rdBirdSaltPeople:FEST<\/strong> sa svim informacijama i datumima. Radujemo se va\u0161em prisustvu.<\/p>\n\n\n\n<p>Jo\u0161 jednom, \u010destitamo na\u0161im kolegama iz <strong>Centra za za\u0161titu ptica Crne Gore -CZIP<\/strong> na odanom radu i nepresu\u0161nom entuziazmu.<\/p>\n\n\n\n<p>Zala\u017eemo se za <strong>SO-PTICE i LJUDE.<\/strong><\/p>\n\n\n\n<figure class=\"wp-block-gallery has-nested-images columns-default is-cropped wp-block-gallery-1 is-layout-flex wp-block-gallery-is-layout-flex\">\n<figure class=\"wp-block-image size-large\"><img loading=\"lazy\" decoding=\"async\" width=\"1024\" height=\"576\" data-id=\"1835\" src=\"https:\/\/msja.me\/wp-content\/uploads\/2023\/07\/20230705_085721-1024x576.jpg\" alt=\"\" class=\"wp-image-1835\" srcset=\"https:\/\/msja.me\/wp-content\/uploads\/2023\/07\/20230705_085721-1024x576.jpg 1024w, https:\/\/msja.me\/wp-content\/uploads\/2023\/07\/20230705_085721-300x169.jpg 300w, https:\/\/msja.me\/wp-content\/uploads\/2023\/07\/20230705_085721-768x432.jpg 768w, https:\/\/msja.me\/wp-content\/uploads\/2023\/07\/20230705_085721-1536x864.jpg 1536w, https:\/\/msja.me\/wp-content\/uploads\/2023\/07\/20230705_085721-2048x1153.jpg 2048w, https:\/\/msja.me\/wp-content\/uploads\/2023\/07\/20230705_085721-18x10.jpg 18w\" sizes=\"auto, (max-width: 1024px) 100vw, 1024px\" \/><\/figure>\n\n\n\n<figure class=\"wp-block-image size-large\"><img loading=\"lazy\" decoding=\"async\" width=\"1024\" height=\"576\" data-id=\"1833\" src=\"https:\/\/msja.me\/wp-content\/uploads\/2023\/07\/20230705_091446-1024x576.jpg\" alt=\"\" class=\"wp-image-1833\" srcset=\"https:\/\/msja.me\/wp-content\/uploads\/2023\/07\/20230705_091446-1024x576.jpg 1024w, https:\/\/msja.me\/wp-content\/uploads\/2023\/07\/20230705_091446-300x169.jpg 300w, https:\/\/msja.me\/wp-content\/uploads\/2023\/07\/20230705_091446-768x432.jpg 768w, https:\/\/msja.me\/wp-content\/uploads\/2023\/07\/20230705_091446-1536x864.jpg 1536w, https:\/\/msja.me\/wp-content\/uploads\/2023\/07\/20230705_091446-2048x1153.jpg 2048w, https:\/\/msja.me\/wp-content\/uploads\/2023\/07\/20230705_091446-18x10.jpg 18w\" sizes=\"auto, (max-width: 1024px) 100vw, 1024px\" \/><\/figure>\n\n\n\n<figure class=\"wp-block-image size-large\"><img loading=\"lazy\" decoding=\"async\" width=\"1024\" height=\"576\" data-id=\"1832\" src=\"https:\/\/msja.me\/wp-content\/uploads\/2023\/07\/20230705_092802-1024x576.jpg\" alt=\"\" class=\"wp-image-1832\" srcset=\"https:\/\/msja.me\/wp-content\/uploads\/2023\/07\/20230705_092802-1024x576.jpg 1024w, https:\/\/msja.me\/wp-content\/uploads\/2023\/07\/20230705_092802-300x169.jpg 300w, https:\/\/msja.me\/wp-content\/uploads\/2023\/07\/20230705_092802-768x432.jpg 768w, https:\/\/msja.me\/wp-content\/uploads\/2023\/07\/20230705_092802-1536x864.jpg 1536w, https:\/\/msja.me\/wp-content\/uploads\/2023\/07\/20230705_092802-2048x1153.jpg 2048w, https:\/\/msja.me\/wp-content\/uploads\/2023\/07\/20230705_092802-18x10.jpg 18w\" sizes=\"auto, (max-width: 1024px) 100vw, 1024px\" \/><\/figure>\n\n\n\n<figure class=\"wp-block-image size-large\"><img loading=\"lazy\" decoding=\"async\" width=\"1024\" height=\"576\" data-id=\"1839\" src=\"https:\/\/msja.me\/wp-content\/uploads\/2023\/07\/20230705_094423-1024x576.jpg\" alt=\"\" class=\"wp-image-1839\" srcset=\"https:\/\/msja.me\/wp-content\/uploads\/2023\/07\/20230705_094423-1024x576.jpg 1024w, https:\/\/msja.me\/wp-content\/uploads\/2023\/07\/20230705_094423-300x169.jpg 300w, https:\/\/msja.me\/wp-content\/uploads\/2023\/07\/20230705_094423-768x432.jpg 768w, https:\/\/msja.me\/wp-content\/uploads\/2023\/07\/20230705_094423-1536x864.jpg 1536w, https:\/\/msja.me\/wp-content\/uploads\/2023\/07\/20230705_094423-2048x1153.jpg 2048w, https:\/\/msja.me\/wp-content\/uploads\/2023\/07\/20230705_094423-18x10.jpg 18w\" sizes=\"auto, (max-width: 1024px) 100vw, 1024px\" \/><\/figure>\n\n\n\n<figure class=\"wp-block-image size-large\"><img loading=\"lazy\" decoding=\"async\" width=\"1024\" height=\"576\" data-id=\"1847\" src=\"https:\/\/msja.me\/wp-content\/uploads\/2023\/07\/20230705_104505-1024x576.jpg\" alt=\"\" class=\"wp-image-1847\" srcset=\"https:\/\/msja.me\/wp-content\/uploads\/2023\/07\/20230705_104505-1024x576.jpg 1024w, https:\/\/msja.me\/wp-content\/uploads\/2023\/07\/20230705_104505-300x169.jpg 300w, https:\/\/msja.me\/wp-content\/uploads\/2023\/07\/20230705_104505-768x432.jpg 768w, https:\/\/msja.me\/wp-content\/uploads\/2023\/07\/20230705_104505-1536x864.jpg 1536w, https:\/\/msja.me\/wp-content\/uploads\/2023\/07\/20230705_104505-2048x1153.jpg 2048w, https:\/\/msja.me\/wp-content\/uploads\/2023\/07\/20230705_104505-18x10.jpg 18w\" sizes=\"auto, (max-width: 1024px) 100vw, 1024px\" \/><\/figure>\n\n\n\n<figure class=\"wp-block-image size-large\"><img loading=\"lazy\" decoding=\"async\" width=\"1024\" height=\"576\" data-id=\"1834\" src=\"https:\/\/msja.me\/wp-content\/uploads\/2023\/07\/20230705_104523-1024x576.jpg\" alt=\"\" class=\"wp-image-1834\" srcset=\"https:\/\/msja.me\/wp-content\/uploads\/2023\/07\/20230705_104523-1024x576.jpg 1024w, https:\/\/msja.me\/wp-content\/uploads\/2023\/07\/20230705_104523-300x169.jpg 300w, https:\/\/msja.me\/wp-content\/uploads\/2023\/07\/20230705_104523-768x432.jpg 768w, https:\/\/msja.me\/wp-content\/uploads\/2023\/07\/20230705_104523-1536x864.jpg 1536w, https:\/\/msja.me\/wp-content\/uploads\/2023\/07\/20230705_104523-2048x1153.jpg 2048w, https:\/\/msja.me\/wp-content\/uploads\/2023\/07\/20230705_104523-18x10.jpg 18w\" sizes=\"auto, (max-width: 1024px) 100vw, 1024px\" \/><\/figure>\n\n\n\n<figure class=\"wp-block-image size-large\"><img loading=\"lazy\" decoding=\"async\" width=\"1024\" height=\"576\" data-id=\"1844\" src=\"https:\/\/msja.me\/wp-content\/uploads\/2023\/07\/20230705_104531-1-1024x576.jpg\" alt=\"\" class=\"wp-image-1844\" srcset=\"https:\/\/msja.me\/wp-content\/uploads\/2023\/07\/20230705_104531-1-1024x576.jpg 1024w, https:\/\/msja.me\/wp-content\/uploads\/2023\/07\/20230705_104531-1-300x169.jpg 300w, https:\/\/msja.me\/wp-content\/uploads\/2023\/07\/20230705_104531-1-768x432.jpg 768w, https:\/\/msja.me\/wp-content\/uploads\/2023\/07\/20230705_104531-1-1536x864.jpg 1536w, https:\/\/msja.me\/wp-content\/uploads\/2023\/07\/20230705_104531-1-2048x1153.jpg 2048w, https:\/\/msja.me\/wp-content\/uploads\/2023\/07\/20230705_104531-1-18x10.jpg 18w\" sizes=\"auto, (max-width: 1024px) 100vw, 1024px\" \/><\/figure>\n\n\n\n<figure class=\"wp-block-image size-large\"><img loading=\"lazy\" decoding=\"async\" width=\"1024\" height=\"576\" data-id=\"1843\" src=\"https:\/\/msja.me\/wp-content\/uploads\/2023\/07\/20230705_104542-1024x576.jpg\" alt=\"\" class=\"wp-image-1843\" srcset=\"https:\/\/msja.me\/wp-content\/uploads\/2023\/07\/20230705_104542-1024x576.jpg 1024w, https:\/\/msja.me\/wp-content\/uploads\/2023\/07\/20230705_104542-300x169.jpg 300w, https:\/\/msja.me\/wp-content\/uploads\/2023\/07\/20230705_104542-768x432.jpg 768w, https:\/\/msja.me\/wp-content\/uploads\/2023\/07\/20230705_104542-1536x864.jpg 1536w, https:\/\/msja.me\/wp-content\/uploads\/2023\/07\/20230705_104542-2048x1153.jpg 2048w, https:\/\/msja.me\/wp-content\/uploads\/2023\/07\/20230705_104542-18x10.jpg 18w\" sizes=\"auto, (max-width: 1024px) 100vw, 1024px\" \/><\/figure>\n\n\n\n<figure class=\"wp-block-image size-large\"><img loading=\"lazy\" decoding=\"async\" width=\"1024\" height=\"576\" data-id=\"1846\" src=\"https:\/\/msja.me\/wp-content\/uploads\/2023\/07\/20230705_111828-1024x576.jpg\" alt=\"\" class=\"wp-image-1846\" srcset=\"https:\/\/msja.me\/wp-content\/uploads\/2023\/07\/20230705_111828-1024x576.jpg 1024w, https:\/\/msja.me\/wp-content\/uploads\/2023\/07\/20230705_111828-300x169.jpg 300w, https:\/\/msja.me\/wp-content\/uploads\/2023\/07\/20230705_111828-768x432.jpg 768w, https:\/\/msja.me\/wp-content\/uploads\/2023\/07\/20230705_111828-1536x864.jpg 1536w, https:\/\/msja.me\/wp-content\/uploads\/2023\/07\/20230705_111828-2048x1153.jpg 2048w, https:\/\/msja.me\/wp-content\/uploads\/2023\/07\/20230705_111828-18x10.jpg 18w\" sizes=\"auto, (max-width: 1024px) 100vw, 1024px\" \/><\/figure>\n\n\n\n<figure class=\"wp-block-image size-large\"><img loading=\"lazy\" decoding=\"async\" width=\"1024\" height=\"683\" data-id=\"1840\" src=\"https:\/\/msja.me\/wp-content\/uploads\/2023\/07\/IMG-d89208e8b805ef27c50a5647b703aa6f-V-1024x683.jpg\" alt=\"\" class=\"wp-image-1840\" srcset=\"https:\/\/msja.me\/wp-content\/uploads\/2023\/07\/IMG-d89208e8b805ef27c50a5647b703aa6f-V-1024x683.jpg 1024w, https:\/\/msja.me\/wp-content\/uploads\/2023\/07\/IMG-d89208e8b805ef27c50a5647b703aa6f-V-300x200.jpg 300w, https:\/\/msja.me\/wp-content\/uploads\/2023\/07\/IMG-d89208e8b805ef27c50a5647b703aa6f-V-768x512.jpg 768w, https:\/\/msja.me\/wp-content\/uploads\/2023\/07\/IMG-d89208e8b805ef27c50a5647b703aa6f-V-1536x1024.jpg 1536w, https:\/\/msja.me\/wp-content\/uploads\/2023\/07\/IMG-d89208e8b805ef27c50a5647b703aa6f-V-18x12.jpg 18w, https:\/\/msja.me\/wp-content\/uploads\/2023\/07\/IMG-d89208e8b805ef27c50a5647b703aa6f-V.jpg 1600w\" sizes=\"auto, (max-width: 1024px) 100vw, 1024px\" \/><\/figure>\n<\/figure>","protected":false},"excerpt":{"rendered":"<p>Povodom obilje\u017eavanja \u010detvrtog ro\u0111endana Parka prirode \u201eUlcinjska solana\u201c, danas je &nbsp;odr\u017ean sve\u010dani 15-ti sastanak radne grupe u prostorijama muzeja Ulcinjske solane. Ujedno je ovaj dan bio i od velikog zna\u010daja za budu\u0107nost Ulcinjske solane, naime kolege iz CZIP-a su simboli\u010dno poklonili specialan bager \u201cBAJO\u201c, koji \u0107e da pomogne da se uru\u0161eni nasipi \u0161to prije saniraju [&hellip;]<\/p>\n","protected":false},"author":1,"featured_media":1845,"comment_status":"closed","ping_status":"open","sticky":false,"template":"","format":"standard","meta":{"_uag_custom_page_level_css":"","site-sidebar-layout":"default","site-content-layout":"","ast-site-content-layout":"default","site-content-style":"default","site-sidebar-style":"default","ast-global-header-display":"","ast-banner-title-visibility":"","ast-main-header-display":"","ast-hfb-above-header-display":"","ast-hfb-below-header-display":"","ast-hfb-mobile-header-display":"","site-post-title":"","ast-breadcrumbs-content":"","ast-featured-img":"","footer-sml-layout":"","ast-disable-related-posts":"","theme-transparent-header-meta":"","adv-header-id-meta":"","stick-header-meta":"","header-above-stick-meta":"","header-main-stick-meta":"","header-below-stick-meta":"","astra-migrate-meta-layouts":"default","ast-page-background-enabled":"default","ast-page-background-meta":{"desktop":{"background-color":"","background-image":"","background-repeat":"repeat","background-position":"center center","background-size":"auto","background-attachment":"scroll","background-type":"","background-media":"","overlay-type":"","overlay-color":"","overlay-opacity":"","overlay-gradient":""},"tablet":{"background-color":"","background-image":"","background-repeat":"repeat","background-position":"center center","background-size":"auto","background-attachment":"scroll","background-type":"","background-media":"","overlay-type":"","overlay-color":"","overlay-opacity":"","overlay-gradient":""},"mobile":{"background-color":"","background-image":"","background-repeat":"repeat","background-position":"center center","background-size":"auto","background-attachment":"scroll","background-type":"","background-media":"","overlay-type":"","overlay-color":"","overlay-opacity":"","overlay-gradient":""}},"ast-content-background-meta":{"desktop":{"background-color":"var(--ast-global-color-5)","background-image":"","background-repeat":"repeat","background-position":"center center","background-size":"auto","background-attachment":"scroll","background-type":"","background-media":"","overlay-type":"","overlay-color":"","overlay-opacity":"","overlay-gradient":""},"tablet":{"background-color":"var(--ast-global-color-5)","background-image":"","background-repeat":"repeat","background-position":"center center","background-size":"auto","background-attachment":"scroll","background-type":"","background-media":"","overlay-type":"","overlay-color":"","overlay-opacity":"","overlay-gradient":""},"mobile":{"background-color":"var(--ast-global-color-5)","background-image":"","background-repeat":"repeat","background-position":"center center","background-size":"auto","background-attachment":"scroll","background-type":"","background-media":"","overlay-type":"","overlay-color":"","overlay-opacity":"","overlay-gradient":""}},"footnotes":""},"categories":[44],"tags":[55,61,58,60,54,56,57,53,59,43,63,62,52,51],"class_list":["post-1831","post","type-post","status-publish","format-standard","has-post-thumbnail","hentry","category-aktivnost","tag-bager","tag-bajo","tag-birdlife","tag-birds","tag-bridsaltpeoplefest","tag-czip","tag-euronatur","tag-kriporja-e-ulqinit","tag-meppu","tag-msja","tag-ptice","tag-so","tag-ulcinj-salina","tag-ulcinjska-solana"],"yoast_head":"<!-- This site is optimized with the Yoast SEO plugin v27.5 - https:\/\/yoast.com\/product\/yoast-seo-wordpress\/ -->\n<title>\u010cetiri godine Park prirode Ulcinjska solana, stigao bager BAJO i predstavljen koncept tre\u0107eg BirdSaltPeople:FEST-a - MSJA - Dr. Martin Schneider-Jacoby Association<\/title>\n<meta name=\"description\" content=\"\u010cetiri godine Park prirode Ulcinjska solana, stigao bager BAJO i predstavljen koncept tre\u0107eg BirdSaltPeople:FEST-a - MSJA - Dr. Martin Schneider-Jacoby Association\" \/>\n<meta name=\"robots\" content=\"index, follow, max-snippet:-1, max-image-preview:large, max-video-preview:-1\" \/>\n<link rel=\"canonical\" href=\"https:\/\/msja.me\/al\/cetiri-godine-park-prirode-ulcinjska-solana-urucen-bager-bajo-i-predstavljen-koncept-treceg-birdsaltpeoplefest-a\/\" \/>\n<meta property=\"og:locale\" content=\"sq_AL\" \/>\n<meta property=\"og:type\" content=\"article\" \/>\n<meta property=\"og:title\" content=\"\u010cetiri godine Park prirode Ulcinjska solana, stigao bager BAJO i predstavljen koncept tre\u0107eg BirdSaltPeople:FEST-a - MSJA - Dr. Martin Schneider-Jacoby Association\" \/>\n<meta property=\"og:description\" content=\"\u010cetiri godine Park prirode Ulcinjska solana, stigao bager BAJO i predstavljen koncept tre\u0107eg BirdSaltPeople:FEST-a - MSJA - Dr. Martin Schneider-Jacoby Association\" \/>\n<meta property=\"og:url\" content=\"https:\/\/msja.me\/al\/cetiri-godine-park-prirode-ulcinjska-solana-urucen-bager-bajo-i-predstavljen-koncept-treceg-birdsaltpeoplefest-a\/\" \/>\n<meta property=\"og:site_name\" content=\"MSJA - Dr. Martin Schneider-Jacoby Association\" \/>\n<meta property=\"article:publisher\" content=\"https:\/\/www.facebook.com\/ulcinjsalina\/\" \/>\n<meta property=\"article:published_time\" content=\"2023-07-05T20:12:18+00:00\" \/>\n<meta property=\"article:modified_time\" content=\"2023-07-05T20:29:24+00:00\" \/>\n<meta property=\"og:image\" content=\"https:\/\/msja.me\/wp-content\/uploads\/2023\/07\/IMG_3393-scaled.jpg\" \/>\n\t<meta property=\"og:image:width\" content=\"2560\" \/>\n\t<meta property=\"og:image:height\" content=\"1707\" \/>\n\t<meta property=\"og:image:type\" content=\"image\/jpeg\" \/>\n<meta name=\"author\" content=\"MSJA\" \/>\n<meta name=\"twitter:card\" content=\"summary_large_image\" \/>\n<meta name=\"twitter:label1\" content=\"Written by\" \/>\n\t<meta name=\"twitter:data1\" content=\"MSJA\" \/>\n\t<meta name=\"twitter:label2\" content=\"Est. reading time\" \/>\n\t<meta name=\"twitter:data2\" content=\"4 minuta\" \/>\n<script type=\"application\/ld+json\" class=\"yoast-schema-graph\">{\"@context\":\"https:\\\/\\\/schema.org\",\"@graph\":[{\"@type\":\"Article\",\"@id\":\"https:\\\/\\\/msja.me\\\/cetiri-godine-park-prirode-ulcinjska-solana-urucen-bager-bajo-i-predstavljen-koncept-treceg-birdsaltpeoplefest-a\\\/#article\",\"isPartOf\":{\"@id\":\"https:\\\/\\\/msja.me\\\/cetiri-godine-park-prirode-ulcinjska-solana-urucen-bager-bajo-i-predstavljen-koncept-treceg-birdsaltpeoplefest-a\\\/\"},\"author\":{\"name\":\"MSJA\",\"@id\":\"https:\\\/\\\/msja.me\\\/#\\\/schema\\\/person\\\/cfa2bac0d96e4c080e8be763d10e1b70\"},\"headline\":\"\u010cetiri godine Park prirode Ulcinjska solana, stigao bager BAJO i predstavljen koncept tre\u0107eg BirdSaltPeople:FEST-a\",\"datePublished\":\"2023-07-05T20:12:18+00:00\",\"dateModified\":\"2023-07-05T20:29:24+00:00\",\"mainEntityOfPage\":{\"@id\":\"https:\\\/\\\/msja.me\\\/cetiri-godine-park-prirode-ulcinjska-solana-urucen-bager-bajo-i-predstavljen-koncept-treceg-birdsaltpeoplefest-a\\\/\"},\"wordCount\":298,\"publisher\":{\"@id\":\"https:\\\/\\\/msja.me\\\/#organization\"},\"image\":{\"@id\":\"https:\\\/\\\/msja.me\\\/cetiri-godine-park-prirode-ulcinjska-solana-urucen-bager-bajo-i-predstavljen-koncept-treceg-birdsaltpeoplefest-a\\\/#primaryimage\"},\"thumbnailUrl\":\"https:\\\/\\\/msja.me\\\/wp-content\\\/uploads\\\/2023\\\/07\\\/IMG_3393-scaled.jpg\",\"keywords\":[\"bager\",\"bajo\",\"birdlife\",\"birds\",\"BridSaltPeopleFEST\",\"czip\",\"euronatur\",\"kriporja e ulqinit\",\"meppu\",\"MSJA\",\"ptice\",\"so\",\"ulcinj salina\",\"ulcinjska solana\"],\"articleSection\":[\"Aktivnost\"],\"inLanguage\":\"sq\"},{\"@type\":\"WebPage\",\"@id\":\"https:\\\/\\\/msja.me\\\/cetiri-godine-park-prirode-ulcinjska-solana-urucen-bager-bajo-i-predstavljen-koncept-treceg-birdsaltpeoplefest-a\\\/\",\"url\":\"https:\\\/\\\/msja.me\\\/cetiri-godine-park-prirode-ulcinjska-solana-urucen-bager-bajo-i-predstavljen-koncept-treceg-birdsaltpeoplefest-a\\\/\",\"name\":\"\u010cetiri godine Park prirode Ulcinjska solana, stigao bager BAJO i predstavljen koncept tre\u0107eg BirdSaltPeople:FEST-a - MSJA - Dr. Martin Schneider-Jacoby Association\",\"isPartOf\":{\"@id\":\"https:\\\/\\\/msja.me\\\/#website\"},\"primaryImageOfPage\":{\"@id\":\"https:\\\/\\\/msja.me\\\/cetiri-godine-park-prirode-ulcinjska-solana-urucen-bager-bajo-i-predstavljen-koncept-treceg-birdsaltpeoplefest-a\\\/#primaryimage\"},\"image\":{\"@id\":\"https:\\\/\\\/msja.me\\\/cetiri-godine-park-prirode-ulcinjska-solana-urucen-bager-bajo-i-predstavljen-koncept-treceg-birdsaltpeoplefest-a\\\/#primaryimage\"},\"thumbnailUrl\":\"https:\\\/\\\/msja.me\\\/wp-content\\\/uploads\\\/2023\\\/07\\\/IMG_3393-scaled.jpg\",\"datePublished\":\"2023-07-05T20:12:18+00:00\",\"dateModified\":\"2023-07-05T20:29:24+00:00\",\"description\":\"\u010cetiri godine Park prirode Ulcinjska solana, stigao bager BAJO i predstavljen koncept tre\u0107eg BirdSaltPeople:FEST-a - MSJA - Dr. Martin Schneider-Jacoby Association\",\"breadcrumb\":{\"@id\":\"https:\\\/\\\/msja.me\\\/cetiri-godine-park-prirode-ulcinjska-solana-urucen-bager-bajo-i-predstavljen-koncept-treceg-birdsaltpeoplefest-a\\\/#breadcrumb\"},\"inLanguage\":\"sq\",\"potentialAction\":[{\"@type\":\"ReadAction\",\"target\":[\"https:\\\/\\\/msja.me\\\/cetiri-godine-park-prirode-ulcinjska-solana-urucen-bager-bajo-i-predstavljen-koncept-treceg-birdsaltpeoplefest-a\\\/\"]}]},{\"@type\":\"ImageObject\",\"inLanguage\":\"sq\",\"@id\":\"https:\\\/\\\/msja.me\\\/cetiri-godine-park-prirode-ulcinjska-solana-urucen-bager-bajo-i-predstavljen-koncept-treceg-birdsaltpeoplefest-a\\\/#primaryimage\",\"url\":\"https:\\\/\\\/msja.me\\\/wp-content\\\/uploads\\\/2023\\\/07\\\/IMG_3393-scaled.jpg\",\"contentUrl\":\"https:\\\/\\\/msja.me\\\/wp-content\\\/uploads\\\/2023\\\/07\\\/IMG_3393-scaled.jpg\",\"width\":2560,\"height\":1707},{\"@type\":\"BreadcrumbList\",\"@id\":\"https:\\\/\\\/msja.me\\\/cetiri-godine-park-prirode-ulcinjska-solana-urucen-bager-bajo-i-predstavljen-koncept-treceg-birdsaltpeoplefest-a\\\/#breadcrumb\",\"itemListElement\":[{\"@type\":\"ListItem\",\"position\":1,\"name\":\"Home\",\"item\":\"https:\\\/\\\/msja.me\\\/\"},{\"@type\":\"ListItem\",\"position\":2,\"name\":\"\u010cetiri godine Park prirode Ulcinjska solana, stigao bager BAJO i predstavljen koncept tre\u0107eg BirdSaltPeople:FEST-a\"}]},{\"@type\":\"WebSite\",\"@id\":\"https:\\\/\\\/msja.me\\\/#website\",\"url\":\"https:\\\/\\\/msja.me\\\/\",\"name\":\"MSJA - Dr. Martin Schneider-Jacoby Association\",\"description\":\"Environmental NGO located in Ulcinj, Montenegro.\",\"publisher\":{\"@id\":\"https:\\\/\\\/msja.me\\\/#organization\"},\"alternateName\":\"MSJA\",\"potentialAction\":[{\"@type\":\"SearchAction\",\"target\":{\"@type\":\"EntryPoint\",\"urlTemplate\":\"https:\\\/\\\/msja.me\\\/?s={search_term_string}\"},\"query-input\":{\"@type\":\"PropertyValueSpecification\",\"valueRequired\":true,\"valueName\":\"search_term_string\"}}],\"inLanguage\":\"sq\"},{\"@type\":\"Organization\",\"@id\":\"https:\\\/\\\/msja.me\\\/#organization\",\"name\":\"Dr. Martin Schneider-Jacoby Association\",\"alternateName\":\"MSJA\",\"url\":\"https:\\\/\\\/msja.me\\\/\",\"logo\":{\"@type\":\"ImageObject\",\"inLanguage\":\"sq\",\"@id\":\"https:\\\/\\\/msja.me\\\/#\\\/schema\\\/logo\\\/image\\\/\",\"url\":\"https:\\\/\\\/msja.me\\\/wp-content\\\/uploads\\\/2022\\\/01\\\/cropped-msja-logo.png\",\"contentUrl\":\"https:\\\/\\\/msja.me\\\/wp-content\\\/uploads\\\/2022\\\/01\\\/cropped-msja-logo.png\",\"width\":512,\"height\":512,\"caption\":\"Dr. Martin Schneider-Jacoby Association\"},\"image\":{\"@id\":\"https:\\\/\\\/msja.me\\\/#\\\/schema\\\/logo\\\/image\\\/\"},\"sameAs\":[\"https:\\\/\\\/www.facebook.com\\\/ulcinjsalina\\\/\",\"https:\\\/\\\/www.instagram.com\\\/msja_mne\\\/\",\"https:\\\/\\\/www.youtube.com\\\/channel\\\/UCZ7GTzl04_l__1NP2r_bqIw\"]},{\"@type\":\"Person\",\"@id\":\"https:\\\/\\\/msja.me\\\/#\\\/schema\\\/person\\\/cfa2bac0d96e4c080e8be763d10e1b70\",\"name\":\"MSJA\",\"image\":{\"@type\":\"ImageObject\",\"inLanguage\":\"sq\",\"@id\":\"https:\\\/\\\/secure.gravatar.com\\\/avatar\\\/0c42437dd2c7cad39546961a733fa8df774bbe2bb4160cad9d90b7e1f659421b?s=96&d=mm&r=g\",\"url\":\"https:\\\/\\\/secure.gravatar.com\\\/avatar\\\/0c42437dd2c7cad39546961a733fa8df774bbe2bb4160cad9d90b7e1f659421b?s=96&d=mm&r=g\",\"contentUrl\":\"https:\\\/\\\/secure.gravatar.com\\\/avatar\\\/0c42437dd2c7cad39546961a733fa8df774bbe2bb4160cad9d90b7e1f659421b?s=96&d=mm&r=g\",\"caption\":\"MSJA\"},\"sameAs\":[\"https:\\\/\\\/msja.me\"],\"url\":\"https:\\\/\\\/msja.me\\\/al\\\/author\\\/admin\\\/\"}]}<\/script>\n<!-- \/ Yoast SEO plugin. -->","yoast_head_json":{"title":"\u010cetiri godine Park prirode Ulcinjska solana, stigao bager BAJO i predstavljen koncept tre\u0107eg BirdSaltPeople:FEST-a - MSJA - Dr. Martin Schneider-Jacoby Association","description":"\u010cetiri godine Park prirode Ulcinjska solana, stigao bager BAJO i predstavljen koncept tre\u0107eg BirdSaltPeople:FEST-a - MSJA - Dr. Martin Schneider-Jacoby Association","robots":{"index":"index","follow":"follow","max-snippet":"max-snippet:-1","max-image-preview":"max-image-preview:large","max-video-preview":"max-video-preview:-1"},"canonical":"https:\/\/msja.me\/al\/cetiri-godine-park-prirode-ulcinjska-solana-urucen-bager-bajo-i-predstavljen-koncept-treceg-birdsaltpeoplefest-a\/","og_locale":"sq_AL","og_type":"article","og_title":"\u010cetiri godine Park prirode Ulcinjska solana, stigao bager BAJO i predstavljen koncept tre\u0107eg BirdSaltPeople:FEST-a - MSJA - Dr. Martin Schneider-Jacoby Association","og_description":"\u010cetiri godine Park prirode Ulcinjska solana, stigao bager BAJO i predstavljen koncept tre\u0107eg BirdSaltPeople:FEST-a - MSJA - Dr. Martin Schneider-Jacoby Association","og_url":"https:\/\/msja.me\/al\/cetiri-godine-park-prirode-ulcinjska-solana-urucen-bager-bajo-i-predstavljen-koncept-treceg-birdsaltpeoplefest-a\/","og_site_name":"MSJA - Dr. Martin Schneider-Jacoby Association","article_publisher":"https:\/\/www.facebook.com\/ulcinjsalina\/","article_published_time":"2023-07-05T20:12:18+00:00","article_modified_time":"2023-07-05T20:29:24+00:00","og_image":[{"width":2560,"height":1707,"url":"https:\/\/msja.me\/wp-content\/uploads\/2023\/07\/IMG_3393-scaled.jpg","type":"image\/jpeg"}],"author":"MSJA","twitter_card":"summary_large_image","twitter_misc":{"Written by":"MSJA","Est. reading time":"4 minuta"},"schema":{"@context":"https:\/\/schema.org","@graph":[{"@type":"Article","@id":"https:\/\/msja.me\/cetiri-godine-park-prirode-ulcinjska-solana-urucen-bager-bajo-i-predstavljen-koncept-treceg-birdsaltpeoplefest-a\/#article","isPartOf":{"@id":"https:\/\/msja.me\/cetiri-godine-park-prirode-ulcinjska-solana-urucen-bager-bajo-i-predstavljen-koncept-treceg-birdsaltpeoplefest-a\/"},"author":{"name":"MSJA","@id":"https:\/\/msja.me\/#\/schema\/person\/cfa2bac0d96e4c080e8be763d10e1b70"},"headline":"\u010cetiri godine Park prirode Ulcinjska solana, stigao bager BAJO i predstavljen koncept tre\u0107eg BirdSaltPeople:FEST-a","datePublished":"2023-07-05T20:12:18+00:00","dateModified":"2023-07-05T20:29:24+00:00","mainEntityOfPage":{"@id":"https:\/\/msja.me\/cetiri-godine-park-prirode-ulcinjska-solana-urucen-bager-bajo-i-predstavljen-koncept-treceg-birdsaltpeoplefest-a\/"},"wordCount":298,"publisher":{"@id":"https:\/\/msja.me\/#organization"},"image":{"@id":"https:\/\/msja.me\/cetiri-godine-park-prirode-ulcinjska-solana-urucen-bager-bajo-i-predstavljen-koncept-treceg-birdsaltpeoplefest-a\/#primaryimage"},"thumbnailUrl":"https:\/\/msja.me\/wp-content\/uploads\/2023\/07\/IMG_3393-scaled.jpg","keywords":["bager","bajo","birdlife","birds","BridSaltPeopleFEST","czip","euronatur","kriporja e ulqinit","meppu","MSJA","ptice","so","ulcinj salina","ulcinjska solana"],"articleSection":["Aktivnost"],"inLanguage":"sq"},{"@type":"WebPage","@id":"https:\/\/msja.me\/cetiri-godine-park-prirode-ulcinjska-solana-urucen-bager-bajo-i-predstavljen-koncept-treceg-birdsaltpeoplefest-a\/","url":"https:\/\/msja.me\/cetiri-godine-park-prirode-ulcinjska-solana-urucen-bager-bajo-i-predstavljen-koncept-treceg-birdsaltpeoplefest-a\/","name":"\u010cetiri godine Park prirode Ulcinjska solana, stigao bager BAJO i predstavljen koncept tre\u0107eg BirdSaltPeople:FEST-a - MSJA - Dr. Martin Schneider-Jacoby Association","isPartOf":{"@id":"https:\/\/msja.me\/#website"},"primaryImageOfPage":{"@id":"https:\/\/msja.me\/cetiri-godine-park-prirode-ulcinjska-solana-urucen-bager-bajo-i-predstavljen-koncept-treceg-birdsaltpeoplefest-a\/#primaryimage"},"image":{"@id":"https:\/\/msja.me\/cetiri-godine-park-prirode-ulcinjska-solana-urucen-bager-bajo-i-predstavljen-koncept-treceg-birdsaltpeoplefest-a\/#primaryimage"},"thumbnailUrl":"https:\/\/msja.me\/wp-content\/uploads\/2023\/07\/IMG_3393-scaled.jpg","datePublished":"2023-07-05T20:12:18+00:00","dateModified":"2023-07-05T20:29:24+00:00","description":"\u010cetiri godine Park prirode Ulcinjska solana, stigao bager BAJO i predstavljen koncept tre\u0107eg BirdSaltPeople:FEST-a - MSJA - Dr. Martin Schneider-Jacoby Association","breadcrumb":{"@id":"https:\/\/msja.me\/cetiri-godine-park-prirode-ulcinjska-solana-urucen-bager-bajo-i-predstavljen-koncept-treceg-birdsaltpeoplefest-a\/#breadcrumb"},"inLanguage":"sq","potentialAction":[{"@type":"ReadAction","target":["https:\/\/msja.me\/cetiri-godine-park-prirode-ulcinjska-solana-urucen-bager-bajo-i-predstavljen-koncept-treceg-birdsaltpeoplefest-a\/"]}]},{"@type":"ImageObject","inLanguage":"sq","@id":"https:\/\/msja.me\/cetiri-godine-park-prirode-ulcinjska-solana-urucen-bager-bajo-i-predstavljen-koncept-treceg-birdsaltpeoplefest-a\/#primaryimage","url":"https:\/\/msja.me\/wp-content\/uploads\/2023\/07\/IMG_3393-scaled.jpg","contentUrl":"https:\/\/msja.me\/wp-content\/uploads\/2023\/07\/IMG_3393-scaled.jpg","width":2560,"height":1707},{"@type":"BreadcrumbList","@id":"https:\/\/msja.me\/cetiri-godine-park-prirode-ulcinjska-solana-urucen-bager-bajo-i-predstavljen-koncept-treceg-birdsaltpeoplefest-a\/#breadcrumb","itemListElement":[{"@type":"ListItem","position":1,"name":"Home","item":"https:\/\/msja.me\/"},{"@type":"ListItem","position":2,"name":"\u010cetiri godine Park prirode Ulcinjska solana, stigao bager BAJO i predstavljen koncept tre\u0107eg BirdSaltPeople:FEST-a"}]},{"@type":"WebSite","@id":"https:\/\/msja.me\/#website","url":"https:\/\/msja.me\/","name":"MSJA - Dr. Martin Schneider-Jacoby Association","description":"Environmental NGO located in Ulcinj, Montenegro.","publisher":{"@id":"https:\/\/msja.me\/#organization"},"alternateName":"MSJA","potentialAction":[{"@type":"SearchAction","target":{"@type":"EntryPoint","urlTemplate":"https:\/\/msja.me\/?s={search_term_string}"},"query-input":{"@type":"PropertyValueSpecification","valueRequired":true,"valueName":"search_term_string"}}],"inLanguage":"sq"},{"@type":"Organization","@id":"https:\/\/msja.me\/#organization","name":"Dr. Martin Schneider-Jacoby Association","alternateName":"MSJA","url":"https:\/\/msja.me\/","logo":{"@type":"ImageObject","inLanguage":"sq","@id":"https:\/\/msja.me\/#\/schema\/logo\/image\/","url":"https:\/\/msja.me\/wp-content\/uploads\/2022\/01\/cropped-msja-logo.png","contentUrl":"https:\/\/msja.me\/wp-content\/uploads\/2022\/01\/cropped-msja-logo.png","width":512,"height":512,"caption":"Dr. Martin Schneider-Jacoby Association"},"image":{"@id":"https:\/\/msja.me\/#\/schema\/logo\/image\/"},"sameAs":["https:\/\/www.facebook.com\/ulcinjsalina\/","https:\/\/www.instagram.com\/msja_mne\/","https:\/\/www.youtube.com\/channel\/UCZ7GTzl04_l__1NP2r_bqIw"]},{"@type":"Person","@id":"https:\/\/msja.me\/#\/schema\/person\/cfa2bac0d96e4c080e8be763d10e1b70","name":"MSJA","image":{"@type":"ImageObject","inLanguage":"sq","@id":"https:\/\/secure.gravatar.com\/avatar\/0c42437dd2c7cad39546961a733fa8df774bbe2bb4160cad9d90b7e1f659421b?s=96&d=mm&r=g","url":"https:\/\/secure.gravatar.com\/avatar\/0c42437dd2c7cad39546961a733fa8df774bbe2bb4160cad9d90b7e1f659421b?s=96&d=mm&r=g","contentUrl":"https:\/\/secure.gravatar.com\/avatar\/0c42437dd2c7cad39546961a733fa8df774bbe2bb4160cad9d90b7e1f659421b?s=96&d=mm&r=g","caption":"MSJA"},"sameAs":["https:\/\/msja.me"],"url":"https:\/\/msja.me\/al\/author\/admin\/"}]}},"uagb_featured_image_src":{"full":["https:\/\/msja.me\/wp-content\/uploads\/2023\/07\/IMG_3393-scaled.jpg",2560,1707,false],"thumbnail":["https:\/\/msja.me\/wp-content\/uploads\/2023\/07\/IMG_3393-150x150.jpg",150,150,true],"medium":["https:\/\/msja.me\/wp-content\/uploads\/2023\/07\/IMG_3393-300x200.jpg",300,200,true],"medium_large":["https:\/\/msja.me\/wp-content\/uploads\/2023\/07\/IMG_3393-768x512.jpg",768,512,true],"large":["https:\/\/msja.me\/wp-content\/uploads\/2023\/07\/IMG_3393-1024x683.jpg",1024,683,true],"1536x1536":["https:\/\/msja.me\/wp-content\/uploads\/2023\/07\/IMG_3393-scaled.jpg",1536,1024,false],"2048x2048":["https:\/\/msja.me\/wp-content\/uploads\/2023\/07\/IMG_3393-scaled.jpg",2048,1366,false],"trp-custom-language-flag":["https:\/\/msja.me\/wp-content\/uploads\/2023\/07\/IMG_3393-scaled.jpg",18,12,false]},"uagb_author_info":{"display_name":"MSJA","author_link":"https:\/\/msja.me\/al\/author\/admin\/"},"uagb_comment_info":0,"uagb_excerpt":"Povodom obilje\u017eavanja \u010detvrtog ro\u0111endana Parka prirode \u201eUlcinjska solana\u201c, danas je &nbsp;odr\u017ean sve\u010dani 15-ti sastanak radne grupe u prostorijama muzeja Ulcinjske solane. Ujedno je ovaj dan bio i od velikog zna\u010daja za budu\u0107nost Ulcinjske solane, naime kolege iz CZIP-a su simboli\u010dno poklonili specialan bager \u201cBAJO\u201c, koji \u0107e da pomogne da se uru\u0161eni nasipi \u0161to prije saniraju&hellip;","_links":{"self":[{"href":"https:\/\/msja.me\/al\/wp-json\/wp\/v2\/posts\/1831","targetHints":{"allow":["GET"]}}],"collection":[{"href":"https:\/\/msja.me\/al\/wp-json\/wp\/v2\/posts"}],"about":[{"href":"https:\/\/msja.me\/al\/wp-json\/wp\/v2\/types\/post"}],"author":[{"embeddable":true,"href":"https:\/\/msja.me\/al\/wp-json\/wp\/v2\/users\/1"}],"replies":[{"embeddable":true,"href":"https:\/\/msja.me\/al\/wp-json\/wp\/v2\/comments?post=1831"}],"version-history":[{"count":3,"href":"https:\/\/msja.me\/al\/wp-json\/wp\/v2\/posts\/1831\/revisions"}],"predecessor-version":[{"id":1850,"href":"https:\/\/msja.me\/al\/wp-json\/wp\/v2\/posts\/1831\/revisions\/1850"}],"wp:featuredmedia":[{"embeddable":true,"href":"https:\/\/msja.me\/al\/wp-json\/wp\/v2\/media\/1845"}],"wp:attachment":[{"href":"https:\/\/msja.me\/al\/wp-json\/wp\/v2\/media?parent=1831"}],"wp:term":[{"taxonomy":"category","embeddable":true,"href":"https:\/\/msja.me\/al\/wp-json\/wp\/v2\/categories?post=1831"},{"taxonomy":"post_tag","embeddable":true,"href":"https:\/\/msja.me\/al\/wp-json\/wp\/v2\/tags?post=1831"}],"curies":[{"name":"wp","href":"https:\/\/api.w.org\/{rel}","templated":true}]}}