{"id":1640,"date":"2022-08-24T11:43:15","date_gmt":"2022-08-24T11:43:15","guid":{"rendered":"https:\/\/msja.me\/?p=1640"},"modified":"2023-05-28T17:17:53","modified_gmt":"2023-05-28T17:17:53","slug":"u-petak-pocinje-drugi-po-redu-bird-salt-peoplefest-na-ulcinjskoj-solani","status":"publish","type":"post","link":"https:\/\/msja.me\/al\/u-petak-pocinje-drugi-po-redu-bird-salt-peoplefest-na-ulcinjskoj-solani\/","title":{"rendered":"U PETAK, PO\u010cINJE DRUGI PO REDU BirdSaltPeople:FEST NA ULCINJSKOJ SOLANI"},"content":{"rendered":"<p>Drugi po redu, BirdSaltPeople:FEST, posve\u0107en ulcinjskom Parku priode Solana bi\u0107e odr\u017ean od 26.08 &#8211; 16.09.2022. godine.<\/p>\n\n\n\n<figure class=\"wp-block-image size-large\"><img loading=\"lazy\" decoding=\"async\" width=\"1024\" height=\"512\" src=\"https:\/\/msja.me\/wp-content\/uploads\/2022\/08\/Program-1024x512.jpg\" alt=\"\" class=\"wp-image-1641\" srcset=\"https:\/\/msja.me\/wp-content\/uploads\/2022\/08\/Program-1024x512.jpg 1024w, https:\/\/msja.me\/wp-content\/uploads\/2022\/08\/Program-300x150.jpg 300w, https:\/\/msja.me\/wp-content\/uploads\/2022\/08\/Program-768x384.jpg 768w, https:\/\/msja.me\/wp-content\/uploads\/2022\/08\/Program-1536x768.jpg 1536w, https:\/\/msja.me\/wp-content\/uploads\/2022\/08\/Program-2048x1024.jpg 2048w, https:\/\/msja.me\/wp-content\/uploads\/2022\/08\/Program-18x9.jpg 18w\" sizes=\"auto, (max-width: 1024px) 100vw, 1024px\" \/><\/figure>\n\n\n\n<p>Kao prve godine, i ovogodi\u0161nji Festival je namijenjen promociji za\u0161ti\u0107enih podru\u010dja sa fokusom na Park prirode Ulcinjska solana. Istovremeno, drugi po redu BirdSaltPeople:FEST slu\u017ei oboga\u0107enju turisti\u010dke ponude Ulcinja, odnosno Crne Gore. Program je raznolik i ukazuje na mogu\u0107nosti koje ovaj prostor pru\u017ea.<\/p>\n\n\n\n<p>\u201eSvjesno smo organizovali doga\u0111aj u nekoliko segmenata i vikendima kako bi osim turista koji posje\u0107uju Ulcinj i gra\u0111ani iz susjednih gradova mogli da u\u010destvuju ukoliko su zainteresovani. Svaki vikend ima svoju temu, za svakog ima po ne\u0161to.\u201c poru\u010duje <strong>Zenepa Lika, izvr\u0161na direktorica MSJA.<\/strong><\/p>\n\n\n\n<p>Za sve zainteresovane ljude iz ostalih gradova Crne Gore, u kordinaciji sa CZIPom, bi\u0107e organizovan prevoz, kako bi se pru\u017eila mogu\u0107nost svim na\u0161im gra\u0111anima da u\u017eivaju u \u010darima ulcinjske Solane.<\/p>\n\n\n\n<p>Sve\u010dano otvaranje festivala je zakazano za petak u 19:30h koncertom <strong>CRNOGORSKOG ORKESTRA MLADIH \/ MONTENEGRO YOUTH ORCHESTRA<\/strong>. Osim muzi\u010dkog dijela, tokom festivala predvi\u0111eno je posmatranje ptica, \u201cPazarni dani na ulcinjskoj Solani\u201d prezentacijom lokanih ukusa, proizvoda i rukotvorina, izlo\u017ebe, radionice, prikazivanje dokumentaraca, kao i donatorsko ve\u010de. Ovogodi\u0161nji festival bi\u0107e zatvoren koncertom KIC POP HORA. Organizator festivala je ulcinjska ekolo\u0161ka <strong>NVO MSJA \u2013 Dr Martin Schneider Jacoby<\/strong>, uz podr\u0161ku <strong>Centra za za\u0161titu i prou\u010davanje ptica (CZIP)<\/strong> koji su i organizatori Izlo\u017ebe fotografija &#8220;Upoznajte sredozemnu medvjedicu&#8221;, kao i tura za posmatranje ptica tokom festivala. Podr\u0161ka dolazi i od <strong>Euro Natura, Birdlife International i Tour du Valat<\/strong> u okviru projekta <strong>\u201c\ud835\udc48\ud835\udc59\ud835\udc50\ud835\udc56\ud835\udc5b\ud835\udc57 \ud835\udc46\ud835\udc4e\ud835\udc59\ud835\udc56\ud835\udc5b\ud835\udc4e \u2013 \ud835\udc43\ud835\udc5f\ud835\udc5c\ud835\udc61\ud835\udc52\ud835\udc50\ud835\udc61\ud835\udc56\ud835\udc5b\ud835\udc54, \ud835\udc5f\ud835\udc52\ud835\udc60\ud835\udc61\ud835\udc5c\ud835\udc5f\ud835\udc56\ud835\udc5b\ud835\udc54 \ud835\udc4e\ud835\udc5b\ud835\udc51 \ud835\udc50\ud835\udc5c\ud835\udc5b\ud835\udc60\ud835\udc52\ud835\udc5f\ud835\udc63\ud835\udc56\ud835\udc5b\ud835\udc54 \ud835\udc4e \ud835\udc58\ud835\udc52\ud835\udc66 \ud835\udc64\ud835\udc52\ud835\udc61\ud835\udc59\ud835\udc4e\ud835\udc5b\ud835\udc51 \ud835\udc53\ud835\udc5c\ud835\udc5f \ud835\udc5b\ud835\udc4e\ud835\udc61\ud835\udc62\ud835\udc5f\ud835\udc52 \ud835\udc4e\ud835\udc5b\ud835\udc51 \ud835\udc5d\ud835\udc52\ud835\udc5c\ud835\udc5d\ud835\udc59\ud835\udc52\u201d<\/strong>, koji finansira <strong>MAVA.<\/strong><\/p>\n\n\n\n<p>Festival podr\u017eavaju i <strong>Op\u0161tina Ulcinj<\/strong>, <strong>Ministarstvo ekologije, prostornog planiranja i urbanizma<\/strong>, <strong>Agencija za za\u0161titu \u017eivotne sredine<\/strong>, <strong>Fondacija Petrovi\u0107 Njego\u0161<\/strong>, <strong>Nacionalni parkovi Crne Gore<\/strong> kao i lokalna preudze\u0107a <strong>Higo Restaurant &amp; Lounge, Dolcinum Kitesurf, Gra\u0111a Comerc i JPKD \u010cisto\u0107a<\/strong>. Svi ljubitelji ptica, ovog dijela Crne Gore ili oni koji nikad nisu posjetili ulcinjsku Solanu ima\u0107e priliku da do\u017eive prirodu na zaista poseban na\u010din. Dobro do\u0161li!<\/p>\n\n\n\n<p>U nastavku slijedi detaljan program festivala:<\/p>\n\n\n\n<p><strong>Petak \u2013 26.08.2022.<\/strong><\/p>\n\n\n\n<p>19:30h &#8211; Sve\u010dano otvaranje, koncert CRNOGORSKOG ORKESTRA MLADIH \/ MONTENEGRO YOUTH ORCHESTRA<\/p>\n\n\n\n<p><strong>Subota \u2013 27.08.2022.<\/strong><\/p>\n\n\n\n<p>18:30h &#8211; Izlo\u017eba fotografija &#8220;Upoznajte sredozemnu medvjedicu&#8221; koju su pripremili Centar za za\u0161titu i prou\u010davanje ptica Crne Gore.<\/p>\n\n\n\n<p>19:00h &#8211; Prezentacija dokumentarnog filma &#8220;Tajne Jadrana&#8221;.<\/p>\n\n\n\n<p>19:30h&nbsp; &#8211; Premijerno prikazivanje kratkog filma &#8220;Morske pe\u0107ine &#8211; u potrazi za idealnim stani\u0161tem&#8221; snimatelja Slavka Nikoli\u0107a u saradnji sa Centrom za za\u0161titu i prou\u010davanje ptica Crne Gore. Filmovi \u0107e biti prikazani u prostorijama nove &#8220;Fototeka &amp; Edukacija&#8221; renoviranog muzeja ulcinjske Solane.<\/p>\n\n\n\n<p><strong>Petak\/Subota \u2013 02.09 \u2013 03.09.2022.<\/strong><\/p>\n\n\n\n<p>9:00 \u2013 13:00h &#8211; Dvodnevna radionica u okviru pilot projekta Foodnected koju sprovodi MSJA u partnerstvu sa CZIP, gdje \u0107e se u\u010desnici ovog projekta i institucije upoznati detaljnije sa SlowFood principima. Predava\u010di su Sabina Ramovi\u0107 na temu \u201cKoncept Slow food-a, va\u017enost o\u010duvanja autohtonih sorti\u201d i Merisa \u010ceki\u0107 na temu: \u201cO\u010duvanje kvaliteta i tradicije u proizvodnji hrane\u201d.<\/p>\n\n\n\n<p>17:00 \u2013 21:00h: U susret zalasku sunca &#8220;Pazarni dan na ulcinjskoj Solani&#8221; preko 20 izlaga\u010da raznih divnih proizvoda, tradicionalnih ukusa i ma\u0161tovitih rukotvorina. Raznolikosti Ulcinja vas \u010dekaju na ulcinjskoj Solani.<\/p>\n\n\n\n<p><strong>Petak \u2013 09.09.2022.<\/strong><\/p>\n\n\n\n<p>17:00h &#8211; Monticolom u \u0161etnji i upoznavanju biodiverziteta ulcinjske Solane, sa fokusom na PTICE. Bi\u0107e organizovane ture od 45min, tako da svako mo\u017ee da u\u017eiva bez da remeti mir na\u0161im pernatim prijateljima.<\/p>\n\n\n\n<p><strong>Subota \u2013 10.09.2022.<\/strong><\/p>\n\n\n\n<p>17:00h &#8211; Donatorsko ve\u010de: Soiree za ulcinjsku Solanu. Ovaj dio programa je posve\u0107en prikupljanju donacija za sanaciju i ure\u0111enje suvenirnice. Ovaj dio programa je Ministarstvo ekologije zajedno sa Op\u0161tinom Ulcinj kao i MSJA pokrovitelj i u\u010de\u0161\u0107e je samo mogu\u0107e pozivnicama i donacijom. Vi\u0161e informacija uskoro na na\u0161oj fejsbuk stranici <a href=\"https:\/\/www.facebook.com\/ulcinjsalina\">MSJA &#8211; Dr. Martin Schneider-Jacoby Association.<\/a><\/p>\n\n\n\n<p><strong>Petak \u2013 16.09.2022.<\/strong> 19:00h, zavr\u0161ni koncert &#8211; KIC POP HOR.<\/p>\n\n\n\n<p><strong>DOBRO DO\u0160LI!<\/strong><\/p>","protected":false},"excerpt":{"rendered":"<p>Drugi po redu, BirdSaltPeople:FEST, posve\u0107en ulcinjskom Parku priode Solana bi\u0107e odr\u017ean od 26.08 &#8211; 16.09.2022. godine. Kao prve godine, i ovogodi\u0161nji Festival je namijenjen promociji za\u0161ti\u0107enih podru\u010dja sa fokusom na Park prirode Ulcinjska solana. Istovremeno, drugi po redu BirdSaltPeople:FEST slu\u017ei oboga\u0107enju turisti\u010dke ponude Ulcinja, odnosno Crne Gore. Program je raznolik i ukazuje na mogu\u0107nosti koje [&hellip;]<\/p>\n","protected":false},"author":1,"featured_media":1641,"comment_status":"closed","ping_status":"open","sticky":false,"template":"","format":"standard","meta":{"_uag_custom_page_level_css":"","site-sidebar-layout":"default","site-content-layout":"","ast-site-content-layout":"default","site-content-style":"default","site-sidebar-style":"default","ast-global-header-display":"","ast-banner-title-visibility":"","ast-main-header-display":"","ast-hfb-above-header-display":"","ast-hfb-below-header-display":"","ast-hfb-mobile-header-display":"","site-post-title":"","ast-breadcrumbs-content":"","ast-featured-img":"","footer-sml-layout":"","ast-disable-related-posts":"","theme-transparent-header-meta":"","adv-header-id-meta":"","stick-header-meta":"","header-above-stick-meta":"","header-main-stick-meta":"","header-below-stick-meta":"","astra-migrate-meta-layouts":"default","ast-page-background-enabled":"default","ast-page-background-meta":{"desktop":{"background-color":"","background-image":"","background-repeat":"repeat","background-position":"center center","background-size":"auto","background-attachment":"scroll","background-type":"","background-media":"","overlay-type":"","overlay-color":"","overlay-opacity":"","overlay-gradient":""},"tablet":{"background-color":"","background-image":"","background-repeat":"repeat","background-position":"center center","background-size":"auto","background-attachment":"scroll","background-type":"","background-media":"","overlay-type":"","overlay-color":"","overlay-opacity":"","overlay-gradient":""},"mobile":{"background-color":"","background-image":"","background-repeat":"repeat","background-position":"center center","background-size":"auto","background-attachment":"scroll","background-type":"","background-media":"","overlay-type":"","overlay-color":"","overlay-opacity":"","overlay-gradient":""}},"ast-content-background-meta":{"desktop":{"background-color":"var(--ast-global-color-5)","background-image":"","background-repeat":"repeat","background-position":"center center","background-size":"auto","background-attachment":"scroll","background-type":"","background-media":"","overlay-type":"","overlay-color":"","overlay-opacity":"","overlay-gradient":""},"tablet":{"background-color":"var(--ast-global-color-5)","background-image":"","background-repeat":"repeat","background-position":"center center","background-size":"auto","background-attachment":"scroll","background-type":"","background-media":"","overlay-type":"","overlay-color":"","overlay-opacity":"","overlay-gradient":""},"mobile":{"background-color":"var(--ast-global-color-5)","background-image":"","background-repeat":"repeat","background-position":"center center","background-size":"auto","background-attachment":"scroll","background-type":"","background-media":"","overlay-type":"","overlay-color":"","overlay-opacity":"","overlay-gradient":""}},"footnotes":""},"categories":[30],"tags":[],"class_list":["post-1640","post","type-post","status-publish","format-standard","has-post-thumbnail","hentry","category-uncategorized-me"],"yoast_head":"<!-- This site is optimized with the Yoast SEO plugin v27.5 - https:\/\/yoast.com\/product\/yoast-seo-wordpress\/ -->\n<title>U PETAK, PO\u010cINJE DRUGI PO REDU BirdSaltPeople:FEST NA ULCINJSKOJ SOLANI - MSJA - Dr. Martin Schneider-Jacoby Association<\/title>\n<meta name=\"description\" content=\"U PETAK, PO\u010cINJE DRUGI PO REDU BirdSaltPeople:FEST NA ULCINJSKOJ SOLANI - MSJA - Dr. Martin Schneider-Jacoby Association\" \/>\n<meta name=\"robots\" content=\"index, follow, max-snippet:-1, max-image-preview:large, max-video-preview:-1\" \/>\n<link rel=\"canonical\" href=\"https:\/\/msja.me\/al\/u-petak-pocinje-drugi-po-redu-bird-salt-peoplefest-na-ulcinjskoj-solani\/\" \/>\n<meta property=\"og:locale\" content=\"sq_AL\" \/>\n<meta property=\"og:type\" content=\"article\" \/>\n<meta property=\"og:title\" content=\"U PETAK, PO\u010cINJE DRUGI PO REDU BirdSaltPeople:FEST NA ULCINJSKOJ SOLANI - MSJA - Dr. Martin Schneider-Jacoby Association\" \/>\n<meta property=\"og:description\" content=\"U PETAK, PO\u010cINJE DRUGI PO REDU BirdSaltPeople:FEST NA ULCINJSKOJ SOLANI - MSJA - Dr. Martin Schneider-Jacoby Association\" \/>\n<meta property=\"og:url\" content=\"https:\/\/msja.me\/al\/u-petak-pocinje-drugi-po-redu-bird-salt-peoplefest-na-ulcinjskoj-solani\/\" \/>\n<meta property=\"og:site_name\" content=\"MSJA - Dr. Martin Schneider-Jacoby Association\" \/>\n<meta property=\"article:publisher\" content=\"https:\/\/www.facebook.com\/ulcinjsalina\/\" \/>\n<meta property=\"article:published_time\" content=\"2022-08-24T11:43:15+00:00\" \/>\n<meta property=\"article:modified_time\" content=\"2023-05-28T17:17:53+00:00\" \/>\n<meta property=\"og:image\" content=\"https:\/\/msja.me\/wp-content\/uploads\/2022\/08\/Program-scaled.jpg\" \/>\n\t<meta property=\"og:image:width\" content=\"2560\" \/>\n\t<meta property=\"og:image:height\" content=\"1280\" \/>\n\t<meta property=\"og:image:type\" content=\"image\/jpeg\" \/>\n<meta name=\"author\" content=\"MSJA\" \/>\n<meta name=\"twitter:card\" content=\"summary_large_image\" \/>\n<meta name=\"twitter:label1\" content=\"Written by\" \/>\n\t<meta name=\"twitter:data1\" content=\"MSJA\" \/>\n\t<meta name=\"twitter:label2\" content=\"Est. reading time\" \/>\n\t<meta name=\"twitter:data2\" content=\"3 minuta\" \/>\n<script type=\"application\/ld+json\" class=\"yoast-schema-graph\">{\"@context\":\"https:\\\/\\\/schema.org\",\"@graph\":[{\"@type\":\"Article\",\"@id\":\"https:\\\/\\\/msja.me\\\/u-petak-pocinje-drugi-po-redu-bird-salt-peoplefest-na-ulcinjskoj-solani\\\/#article\",\"isPartOf\":{\"@id\":\"https:\\\/\\\/msja.me\\\/u-petak-pocinje-drugi-po-redu-bird-salt-peoplefest-na-ulcinjskoj-solani\\\/\"},\"author\":{\"name\":\"MSJA\",\"@id\":\"https:\\\/\\\/msja.me\\\/#\\\/schema\\\/person\\\/cfa2bac0d96e4c080e8be763d10e1b70\"},\"headline\":\"U PETAK, PO\u010cINJE DRUGI PO REDU BirdSaltPeople:FEST NA ULCINJSKOJ SOLANI\",\"datePublished\":\"2022-08-24T11:43:15+00:00\",\"dateModified\":\"2023-05-28T17:17:53+00:00\",\"mainEntityOfPage\":{\"@id\":\"https:\\\/\\\/msja.me\\\/u-petak-pocinje-drugi-po-redu-bird-salt-peoplefest-na-ulcinjskoj-solani\\\/\"},\"wordCount\":662,\"publisher\":{\"@id\":\"https:\\\/\\\/msja.me\\\/#organization\"},\"image\":{\"@id\":\"https:\\\/\\\/msja.me\\\/u-petak-pocinje-drugi-po-redu-bird-salt-peoplefest-na-ulcinjskoj-solani\\\/#primaryimage\"},\"thumbnailUrl\":\"https:\\\/\\\/msja.me\\\/wp-content\\\/uploads\\\/2022\\\/08\\\/Program-scaled.jpg\",\"articleSection\":[\"Uncategorized\"],\"inLanguage\":\"sq\"},{\"@type\":\"WebPage\",\"@id\":\"https:\\\/\\\/msja.me\\\/u-petak-pocinje-drugi-po-redu-bird-salt-peoplefest-na-ulcinjskoj-solani\\\/\",\"url\":\"https:\\\/\\\/msja.me\\\/u-petak-pocinje-drugi-po-redu-bird-salt-peoplefest-na-ulcinjskoj-solani\\\/\",\"name\":\"U PETAK, PO\u010cINJE DRUGI PO REDU BirdSaltPeople:FEST NA ULCINJSKOJ SOLANI - MSJA - Dr. Martin Schneider-Jacoby Association\",\"isPartOf\":{\"@id\":\"https:\\\/\\\/msja.me\\\/#website\"},\"primaryImageOfPage\":{\"@id\":\"https:\\\/\\\/msja.me\\\/u-petak-pocinje-drugi-po-redu-bird-salt-peoplefest-na-ulcinjskoj-solani\\\/#primaryimage\"},\"image\":{\"@id\":\"https:\\\/\\\/msja.me\\\/u-petak-pocinje-drugi-po-redu-bird-salt-peoplefest-na-ulcinjskoj-solani\\\/#primaryimage\"},\"thumbnailUrl\":\"https:\\\/\\\/msja.me\\\/wp-content\\\/uploads\\\/2022\\\/08\\\/Program-scaled.jpg\",\"datePublished\":\"2022-08-24T11:43:15+00:00\",\"dateModified\":\"2023-05-28T17:17:53+00:00\",\"description\":\"U PETAK, PO\u010cINJE DRUGI PO REDU BirdSaltPeople:FEST NA ULCINJSKOJ SOLANI - MSJA - Dr. Martin Schneider-Jacoby Association\",\"breadcrumb\":{\"@id\":\"https:\\\/\\\/msja.me\\\/u-petak-pocinje-drugi-po-redu-bird-salt-peoplefest-na-ulcinjskoj-solani\\\/#breadcrumb\"},\"inLanguage\":\"sq\",\"potentialAction\":[{\"@type\":\"ReadAction\",\"target\":[\"https:\\\/\\\/msja.me\\\/u-petak-pocinje-drugi-po-redu-bird-salt-peoplefest-na-ulcinjskoj-solani\\\/\"]}]},{\"@type\":\"ImageObject\",\"inLanguage\":\"sq\",\"@id\":\"https:\\\/\\\/msja.me\\\/u-petak-pocinje-drugi-po-redu-bird-salt-peoplefest-na-ulcinjskoj-solani\\\/#primaryimage\",\"url\":\"https:\\\/\\\/msja.me\\\/wp-content\\\/uploads\\\/2022\\\/08\\\/Program-scaled.jpg\",\"contentUrl\":\"https:\\\/\\\/msja.me\\\/wp-content\\\/uploads\\\/2022\\\/08\\\/Program-scaled.jpg\",\"width\":2560,\"height\":1280},{\"@type\":\"BreadcrumbList\",\"@id\":\"https:\\\/\\\/msja.me\\\/u-petak-pocinje-drugi-po-redu-bird-salt-peoplefest-na-ulcinjskoj-solani\\\/#breadcrumb\",\"itemListElement\":[{\"@type\":\"ListItem\",\"position\":1,\"name\":\"Home\",\"item\":\"https:\\\/\\\/msja.me\\\/\"},{\"@type\":\"ListItem\",\"position\":2,\"name\":\"U PETAK, PO\u010cINJE DRUGI PO REDU BirdSaltPeople:FEST NA ULCINJSKOJ SOLANI\"}]},{\"@type\":\"WebSite\",\"@id\":\"https:\\\/\\\/msja.me\\\/#website\",\"url\":\"https:\\\/\\\/msja.me\\\/\",\"name\":\"MSJA - Dr. Martin Schneider-Jacoby Association\",\"description\":\"Environmental NGO located in Ulcinj, Montenegro.\",\"publisher\":{\"@id\":\"https:\\\/\\\/msja.me\\\/#organization\"},\"alternateName\":\"MSJA\",\"potentialAction\":[{\"@type\":\"SearchAction\",\"target\":{\"@type\":\"EntryPoint\",\"urlTemplate\":\"https:\\\/\\\/msja.me\\\/?s={search_term_string}\"},\"query-input\":{\"@type\":\"PropertyValueSpecification\",\"valueRequired\":true,\"valueName\":\"search_term_string\"}}],\"inLanguage\":\"sq\"},{\"@type\":\"Organization\",\"@id\":\"https:\\\/\\\/msja.me\\\/#organization\",\"name\":\"Dr. Martin Schneider-Jacoby Association\",\"alternateName\":\"MSJA\",\"url\":\"https:\\\/\\\/msja.me\\\/\",\"logo\":{\"@type\":\"ImageObject\",\"inLanguage\":\"sq\",\"@id\":\"https:\\\/\\\/msja.me\\\/#\\\/schema\\\/logo\\\/image\\\/\",\"url\":\"https:\\\/\\\/msja.me\\\/wp-content\\\/uploads\\\/2022\\\/01\\\/cropped-msja-logo.png\",\"contentUrl\":\"https:\\\/\\\/msja.me\\\/wp-content\\\/uploads\\\/2022\\\/01\\\/cropped-msja-logo.png\",\"width\":512,\"height\":512,\"caption\":\"Dr. Martin Schneider-Jacoby Association\"},\"image\":{\"@id\":\"https:\\\/\\\/msja.me\\\/#\\\/schema\\\/logo\\\/image\\\/\"},\"sameAs\":[\"https:\\\/\\\/www.facebook.com\\\/ulcinjsalina\\\/\",\"https:\\\/\\\/www.instagram.com\\\/msja_mne\\\/\",\"https:\\\/\\\/www.youtube.com\\\/channel\\\/UCZ7GTzl04_l__1NP2r_bqIw\"]},{\"@type\":\"Person\",\"@id\":\"https:\\\/\\\/msja.me\\\/#\\\/schema\\\/person\\\/cfa2bac0d96e4c080e8be763d10e1b70\",\"name\":\"MSJA\",\"image\":{\"@type\":\"ImageObject\",\"inLanguage\":\"sq\",\"@id\":\"https:\\\/\\\/secure.gravatar.com\\\/avatar\\\/0c42437dd2c7cad39546961a733fa8df774bbe2bb4160cad9d90b7e1f659421b?s=96&d=mm&r=g\",\"url\":\"https:\\\/\\\/secure.gravatar.com\\\/avatar\\\/0c42437dd2c7cad39546961a733fa8df774bbe2bb4160cad9d90b7e1f659421b?s=96&d=mm&r=g\",\"contentUrl\":\"https:\\\/\\\/secure.gravatar.com\\\/avatar\\\/0c42437dd2c7cad39546961a733fa8df774bbe2bb4160cad9d90b7e1f659421b?s=96&d=mm&r=g\",\"caption\":\"MSJA\"},\"sameAs\":[\"https:\\\/\\\/msja.me\"],\"url\":\"https:\\\/\\\/msja.me\\\/al\\\/author\\\/admin\\\/\"}]}<\/script>\n<!-- \/ Yoast SEO plugin. -->","yoast_head_json":{"title":"U PETAK, PO\u010cINJE DRUGI PO REDU BirdSaltPeople:FEST NA ULCINJSKOJ SOLANI - MSJA - Dr. Martin Schneider-Jacoby Association","description":"U PETAK, PO\u010cINJE DRUGI PO REDU BirdSaltPeople:FEST NA ULCINJSKOJ SOLANI - MSJA - Dr. Martin Schneider-Jacoby Association","robots":{"index":"index","follow":"follow","max-snippet":"max-snippet:-1","max-image-preview":"max-image-preview:large","max-video-preview":"max-video-preview:-1"},"canonical":"https:\/\/msja.me\/al\/u-petak-pocinje-drugi-po-redu-bird-salt-peoplefest-na-ulcinjskoj-solani\/","og_locale":"sq_AL","og_type":"article","og_title":"U PETAK, PO\u010cINJE DRUGI PO REDU BirdSaltPeople:FEST NA ULCINJSKOJ SOLANI - MSJA - Dr. Martin Schneider-Jacoby Association","og_description":"U PETAK, PO\u010cINJE DRUGI PO REDU BirdSaltPeople:FEST NA ULCINJSKOJ SOLANI - MSJA - Dr. Martin Schneider-Jacoby Association","og_url":"https:\/\/msja.me\/al\/u-petak-pocinje-drugi-po-redu-bird-salt-peoplefest-na-ulcinjskoj-solani\/","og_site_name":"MSJA - Dr. Martin Schneider-Jacoby Association","article_publisher":"https:\/\/www.facebook.com\/ulcinjsalina\/","article_published_time":"2022-08-24T11:43:15+00:00","article_modified_time":"2023-05-28T17:17:53+00:00","og_image":[{"width":2560,"height":1280,"url":"https:\/\/msja.me\/wp-content\/uploads\/2022\/08\/Program-scaled.jpg","type":"image\/jpeg"}],"author":"MSJA","twitter_card":"summary_large_image","twitter_misc":{"Written by":"MSJA","Est. reading time":"3 minuta"},"schema":{"@context":"https:\/\/schema.org","@graph":[{"@type":"Article","@id":"https:\/\/msja.me\/u-petak-pocinje-drugi-po-redu-bird-salt-peoplefest-na-ulcinjskoj-solani\/#article","isPartOf":{"@id":"https:\/\/msja.me\/u-petak-pocinje-drugi-po-redu-bird-salt-peoplefest-na-ulcinjskoj-solani\/"},"author":{"name":"MSJA","@id":"https:\/\/msja.me\/#\/schema\/person\/cfa2bac0d96e4c080e8be763d10e1b70"},"headline":"U PETAK, PO\u010cINJE DRUGI PO REDU BirdSaltPeople:FEST NA ULCINJSKOJ SOLANI","datePublished":"2022-08-24T11:43:15+00:00","dateModified":"2023-05-28T17:17:53+00:00","mainEntityOfPage":{"@id":"https:\/\/msja.me\/u-petak-pocinje-drugi-po-redu-bird-salt-peoplefest-na-ulcinjskoj-solani\/"},"wordCount":662,"publisher":{"@id":"https:\/\/msja.me\/#organization"},"image":{"@id":"https:\/\/msja.me\/u-petak-pocinje-drugi-po-redu-bird-salt-peoplefest-na-ulcinjskoj-solani\/#primaryimage"},"thumbnailUrl":"https:\/\/msja.me\/wp-content\/uploads\/2022\/08\/Program-scaled.jpg","articleSection":["Uncategorized"],"inLanguage":"sq"},{"@type":"WebPage","@id":"https:\/\/msja.me\/u-petak-pocinje-drugi-po-redu-bird-salt-peoplefest-na-ulcinjskoj-solani\/","url":"https:\/\/msja.me\/u-petak-pocinje-drugi-po-redu-bird-salt-peoplefest-na-ulcinjskoj-solani\/","name":"U PETAK, PO\u010cINJE DRUGI PO REDU BirdSaltPeople:FEST NA ULCINJSKOJ SOLANI - MSJA - Dr. Martin Schneider-Jacoby Association","isPartOf":{"@id":"https:\/\/msja.me\/#website"},"primaryImageOfPage":{"@id":"https:\/\/msja.me\/u-petak-pocinje-drugi-po-redu-bird-salt-peoplefest-na-ulcinjskoj-solani\/#primaryimage"},"image":{"@id":"https:\/\/msja.me\/u-petak-pocinje-drugi-po-redu-bird-salt-peoplefest-na-ulcinjskoj-solani\/#primaryimage"},"thumbnailUrl":"https:\/\/msja.me\/wp-content\/uploads\/2022\/08\/Program-scaled.jpg","datePublished":"2022-08-24T11:43:15+00:00","dateModified":"2023-05-28T17:17:53+00:00","description":"U PETAK, PO\u010cINJE DRUGI PO REDU BirdSaltPeople:FEST NA ULCINJSKOJ SOLANI - MSJA - Dr. Martin Schneider-Jacoby Association","breadcrumb":{"@id":"https:\/\/msja.me\/u-petak-pocinje-drugi-po-redu-bird-salt-peoplefest-na-ulcinjskoj-solani\/#breadcrumb"},"inLanguage":"sq","potentialAction":[{"@type":"ReadAction","target":["https:\/\/msja.me\/u-petak-pocinje-drugi-po-redu-bird-salt-peoplefest-na-ulcinjskoj-solani\/"]}]},{"@type":"ImageObject","inLanguage":"sq","@id":"https:\/\/msja.me\/u-petak-pocinje-drugi-po-redu-bird-salt-peoplefest-na-ulcinjskoj-solani\/#primaryimage","url":"https:\/\/msja.me\/wp-content\/uploads\/2022\/08\/Program-scaled.jpg","contentUrl":"https:\/\/msja.me\/wp-content\/uploads\/2022\/08\/Program-scaled.jpg","width":2560,"height":1280},{"@type":"BreadcrumbList","@id":"https:\/\/msja.me\/u-petak-pocinje-drugi-po-redu-bird-salt-peoplefest-na-ulcinjskoj-solani\/#breadcrumb","itemListElement":[{"@type":"ListItem","position":1,"name":"Home","item":"https:\/\/msja.me\/"},{"@type":"ListItem","position":2,"name":"U PETAK, PO\u010cINJE DRUGI PO REDU BirdSaltPeople:FEST NA ULCINJSKOJ SOLANI"}]},{"@type":"WebSite","@id":"https:\/\/msja.me\/#website","url":"https:\/\/msja.me\/","name":"MSJA - Dr. Martin Schneider-Jacoby Association","description":"Environmental NGO located in Ulcinj, Montenegro.","publisher":{"@id":"https:\/\/msja.me\/#organization"},"alternateName":"MSJA","potentialAction":[{"@type":"SearchAction","target":{"@type":"EntryPoint","urlTemplate":"https:\/\/msja.me\/?s={search_term_string}"},"query-input":{"@type":"PropertyValueSpecification","valueRequired":true,"valueName":"search_term_string"}}],"inLanguage":"sq"},{"@type":"Organization","@id":"https:\/\/msja.me\/#organization","name":"Dr. Martin Schneider-Jacoby Association","alternateName":"MSJA","url":"https:\/\/msja.me\/","logo":{"@type":"ImageObject","inLanguage":"sq","@id":"https:\/\/msja.me\/#\/schema\/logo\/image\/","url":"https:\/\/msja.me\/wp-content\/uploads\/2022\/01\/cropped-msja-logo.png","contentUrl":"https:\/\/msja.me\/wp-content\/uploads\/2022\/01\/cropped-msja-logo.png","width":512,"height":512,"caption":"Dr. Martin Schneider-Jacoby Association"},"image":{"@id":"https:\/\/msja.me\/#\/schema\/logo\/image\/"},"sameAs":["https:\/\/www.facebook.com\/ulcinjsalina\/","https:\/\/www.instagram.com\/msja_mne\/","https:\/\/www.youtube.com\/channel\/UCZ7GTzl04_l__1NP2r_bqIw"]},{"@type":"Person","@id":"https:\/\/msja.me\/#\/schema\/person\/cfa2bac0d96e4c080e8be763d10e1b70","name":"MSJA","image":{"@type":"ImageObject","inLanguage":"sq","@id":"https:\/\/secure.gravatar.com\/avatar\/0c42437dd2c7cad39546961a733fa8df774bbe2bb4160cad9d90b7e1f659421b?s=96&d=mm&r=g","url":"https:\/\/secure.gravatar.com\/avatar\/0c42437dd2c7cad39546961a733fa8df774bbe2bb4160cad9d90b7e1f659421b?s=96&d=mm&r=g","contentUrl":"https:\/\/secure.gravatar.com\/avatar\/0c42437dd2c7cad39546961a733fa8df774bbe2bb4160cad9d90b7e1f659421b?s=96&d=mm&r=g","caption":"MSJA"},"sameAs":["https:\/\/msja.me"],"url":"https:\/\/msja.me\/al\/author\/admin\/"}]}},"uagb_featured_image_src":{"full":["https:\/\/msja.me\/wp-content\/uploads\/2022\/08\/Program-scaled.jpg",2560,1280,false],"thumbnail":["https:\/\/msja.me\/wp-content\/uploads\/2022\/08\/Program-150x150.jpg",150,150,true],"medium":["https:\/\/msja.me\/wp-content\/uploads\/2022\/08\/Program-300x150.jpg",300,150,true],"medium_large":["https:\/\/msja.me\/wp-content\/uploads\/2022\/08\/Program-768x384.jpg",768,384,true],"large":["https:\/\/msja.me\/wp-content\/uploads\/2022\/08\/Program-1024x512.jpg",1024,512,true],"1536x1536":["https:\/\/msja.me\/wp-content\/uploads\/2022\/08\/Program-1536x768.jpg",1536,768,true],"2048x2048":["https:\/\/msja.me\/wp-content\/uploads\/2022\/08\/Program-2048x1024.jpg",2048,1024,true],"trp-custom-language-flag":["https:\/\/msja.me\/wp-content\/uploads\/2022\/08\/Program-18x9.jpg",18,9,true]},"uagb_author_info":{"display_name":"MSJA","author_link":"https:\/\/msja.me\/al\/author\/admin\/"},"uagb_comment_info":0,"uagb_excerpt":"Drugi po redu, BirdSaltPeople:FEST, posve\u0107en ulcinjskom Parku priode Solana bi\u0107e odr\u017ean od 26.08 &#8211; 16.09.2022. godine. Kao prve godine, i ovogodi\u0161nji Festival je namijenjen promociji za\u0161ti\u0107enih podru\u010dja sa fokusom na Park prirode Ulcinjska solana. Istovremeno, drugi po redu BirdSaltPeople:FEST slu\u017ei oboga\u0107enju turisti\u010dke ponude Ulcinja, odnosno Crne Gore. Program je raznolik i ukazuje na mogu\u0107nosti koje&hellip;","_links":{"self":[{"href":"https:\/\/msja.me\/al\/wp-json\/wp\/v2\/posts\/1640","targetHints":{"allow":["GET"]}}],"collection":[{"href":"https:\/\/msja.me\/al\/wp-json\/wp\/v2\/posts"}],"about":[{"href":"https:\/\/msja.me\/al\/wp-json\/wp\/v2\/types\/post"}],"author":[{"embeddable":true,"href":"https:\/\/msja.me\/al\/wp-json\/wp\/v2\/users\/1"}],"replies":[{"embeddable":true,"href":"https:\/\/msja.me\/al\/wp-json\/wp\/v2\/comments?post=1640"}],"version-history":[{"count":3,"href":"https:\/\/msja.me\/al\/wp-json\/wp\/v2\/posts\/1640\/revisions"}],"predecessor-version":[{"id":1655,"href":"https:\/\/msja.me\/al\/wp-json\/wp\/v2\/posts\/1640\/revisions\/1655"}],"wp:featuredmedia":[{"embeddable":true,"href":"https:\/\/msja.me\/al\/wp-json\/wp\/v2\/media\/1641"}],"wp:attachment":[{"href":"https:\/\/msja.me\/al\/wp-json\/wp\/v2\/media?parent=1640"}],"wp:term":[{"taxonomy":"category","embeddable":true,"href":"https:\/\/msja.me\/al\/wp-json\/wp\/v2\/categories?post=1640"},{"taxonomy":"post_tag","embeddable":true,"href":"https:\/\/msja.me\/al\/wp-json\/wp\/v2\/tags?post=1640"}],"curies":[{"name":"wp","href":"https:\/\/api.w.org\/{rel}","templated":true}]}}